{"id":26957,"date":"2025-11-28T11:59:14","date_gmt":"2025-11-28T11:59:14","guid":{"rendered":"https:\/\/www.ibermusicas.org\/?p=26957"},"modified":"2026-01-14T18:13:06","modified_gmt":"2026-01-14T18:13:06","slug":"se-anuncian-los-proyectos-ganadores-del-premio-peru-ibermusicas-celebrando-al-cajon-peruano-y-a-la-percusion-afro-peruana","status":"publish","type":"post","link":"https:\/\/www.ibermusicas.org\/index.php\/se-anuncian-los-proyectos-ganadores-del-premio-peru-ibermusicas-celebrando-al-cajon-peruano-y-a-la-percusion-afro-peruana\/","title":{"rendered":"Se anuncian los proyectos ganadores del Premio Per\u00fa &#8211; Iberm\u00fasicas &#8211; Celebrando al Caj\u00f3n Peruano y a la Percusi\u00f3n Afro Peruana"},"content":{"rendered":"\n<p>El Ministerio de Cultura del Per\u00fa, junto al Festival Internacional de Caj\u00f3n y Percusi\u00f3n Rafael Santa Cruz, propuso este a\u00f1o un concurso especial en el marco de la celebraci\u00f3n del \u201cCaj\u00f3n Peruano\u201d a realizarse en 2026 con el fin de amplificar el di\u00e1logo internacional en torno al caj\u00f3n peruano y la percusi\u00f3n afro peruana, incentivando una reflexi\u00f3n sobre este instrumento que desde las costas del Per\u00fa, se esparci\u00f3 lejanamente, haci\u00e9ndose parte de la sonoridad de muchas m\u00fasicas del mundo.<br><br>El Festival Internacional de Caj\u00f3n y Percusi\u00f3n Rafael Santa Cruz es un festival de percusiones del mundo que tiene al caj\u00f3n peruano como anfitri\u00f3n. En el 2008, Rafael Santa Cruz fund\u00f3 el primer festival de percusi\u00f3n del Per\u00fa para que se conozca y reconozca el origen afroperuano del caj\u00f3n, celebrando que el instrumento ha trascendido las fronteras geogr\u00e1ficas y musicales. A trav\u00e9s de una programaci\u00f3n integral, que abarca conciertos, conferencias, muestras de video, talleres, clases maestras, feria y concierto de gala, el Festival es una plataforma donde m\u00fasicos de diversas escuelas, estilos y nacionalidades convergen para dar a conocer sus instrumentos de percusi\u00f3n, su m\u00fasica y su cultura.<br><br>Fueron invitados artistas e investigadoras\/es a presentar sus proyectos a trav\u00e9s de \u201cIberm\u00fasicas Global\u201d, una nueva herramienta del Programa Iberm\u00fasicas que tiene por objeto propiciar el encuentro entre propuestas art\u00edsticas y festivales de todo el mundo.<br><br>Puedes ver los proyectos premiados&nbsp;<a href=\"https:\/\/seleccionados2025.ibermusicas.org\/\" target=\"_blank\" rel=\"noreferrer noopener\">aqu\u00ed.<\/a><\/p>\n","protected":false},"excerpt":{"rendered":"<p>El Ministerio de Cultura del Per\u00fa, junto al Festival Internacional de Caj\u00f3n y Percusi\u00f3n Rafael Santa Cruz, propuso este a\u00f1o un concurso especial en el marco de la celebraci\u00f3n del \u201cCaj\u00f3n Peruano\u201d a realizarse en 2026 con el fin de amplificar el di\u00e1logo internacional en torno al caj\u00f3n peruano y la percusi\u00f3n afro peruana, incentivando [&hellip;]<\/p>\n","protected":false},"author":7,"featured_media":26958,"comment_status":"closed","ping_status":"closed","sticky":false,"template":"","format":"standard","meta":{"_monsterinsights_skip_tracking":false,"_monsterinsights_sitenote_active":false,"_monsterinsights_sitenote_note":"","_monsterinsights_sitenote_category":0,"footnotes":""},"categories":[53],"tags":[],"class_list":["post-26957","post","type-post","status-publish","format-standard","has-post-thumbnail","hentry","category-noticias-generales"],"lang":"es","translations":{"es":26957},"pll_sync_post":[],"post_mailing_queue_ids":[],"_links":{"self":[{"href":"https:\/\/www.ibermusicas.org\/index.php\/wp-json\/wp\/v2\/posts\/26957","targetHints":{"allow":["GET"]}}],"collection":[{"href":"https:\/\/www.ibermusicas.org\/index.php\/wp-json\/wp\/v2\/posts"}],"about":[{"href":"https:\/\/www.ibermusicas.org\/index.php\/wp-json\/wp\/v2\/types\/post"}],"author":[{"embeddable":true,"href":"https:\/\/www.ibermusicas.org\/index.php\/wp-json\/wp\/v2\/users\/7"}],"replies":[{"embeddable":true,"href":"https:\/\/www.ibermusicas.org\/index.php\/wp-json\/wp\/v2\/comments?post=26957"}],"version-history":[{"count":1,"href":"https:\/\/www.ibermusicas.org\/index.php\/wp-json\/wp\/v2\/posts\/26957\/revisions"}],"predecessor-version":[{"id":26959,"href":"https:\/\/www.ibermusicas.org\/index.php\/wp-json\/wp\/v2\/posts\/26957\/revisions\/26959"}],"wp:featuredmedia":[{"embeddable":true,"href":"https:\/\/www.ibermusicas.org\/index.php\/wp-json\/wp\/v2\/media\/26958"}],"wp:attachment":[{"href":"https:\/\/www.ibermusicas.org\/index.php\/wp-json\/wp\/v2\/media?parent=26957"}],"wp:term":[{"taxonomy":"category","embeddable":true,"href":"https:\/\/www.ibermusicas.org\/index.php\/wp-json\/wp\/v2\/categories?post=26957"},{"taxonomy":"post_tag","embeddable":true,"href":"https:\/\/www.ibermusicas.org\/index.php\/wp-json\/wp\/v2\/tags?post=26957"}],"curies":[{"name":"wp","href":"https:\/\/api.w.org\/{rel}","templated":true}]}}