{"id":26988,"date":"2025-12-01T22:32:23","date_gmt":"2025-12-01T22:32:23","guid":{"rendered":"https:\/\/www.ibermusicas.org\/?p=26988"},"modified":"2025-12-01T22:32:25","modified_gmt":"2025-12-01T22:32:25","slug":"ibermusicas-global-mercado-musical-iberoamericano-para-el-mundo","status":"publish","type":"post","link":"https:\/\/www.ibermusicas.org\/index.php\/ibermusicas-global-mercado-musical-iberoamericano-para-el-mundo\/","title":{"rendered":"Iberm\u00fasicas Global, Mercado Musical Iberoamericano para el Mundo"},"content":{"rendered":"\n<p>Las y los invitamos a conocer las giras ya programadas por artistas de Iberoam\u00e9rica, a las cuales se sumar\u00e1n pr\u00f3ximamente las nuevas giras que surgir\u00e1n a partir de los proyectos seleccionados por el Programa Iberm\u00fasicas. Este mapa de itinerarios permitir\u00e1 a programadores, festivales, salas y espacios culturales descubrir oportunidades concretas de programaci\u00f3n vinculadas a artistas que estar\u00e1n activos en distintos territorios del mundo.<\/p>\n\n\n\n<p>A trav\u00e9s de esta herramienta ser\u00e1 posible buscar por pa\u00eds, ciudad, regi\u00f3n, fechas, g\u00e9nero musical o tipo de proyecto, identificando de inmediato qu\u00e9 artistas estar\u00e1n cerca de cada lugar y en qu\u00e9 momento. De este modo, los equipos de programaci\u00f3n podr\u00e1n evaluar posibilidades reales de contrataci\u00f3n optimizando tiempos, recursos y agendas.<\/p>\n\n\n\n<p>Iberm\u00fasicas Global es una nueva plataforma dise\u00f1ada para impulsar la internacionalizaci\u00f3n de la m\u00fasica iberoamericana, facilitando la conexi\u00f3n directa entre artistas y curadores \u2014programadores, productores, directores de festivales, responsables de salas, sellos discogr\u00e1ficos, agregadoras digitales y otros profesionales del sector\u2014 interesados en descubrir nuevas propuestas.<\/p>\n","protected":false},"excerpt":{"rendered":"<p>Las y los invitamos a conocer las giras ya programadas por artistas de Iberoam\u00e9rica, a las cuales se sumar\u00e1n pr\u00f3ximamente las nuevas giras que surgir\u00e1n a partir de los proyectos seleccionados por el Programa Iberm\u00fasicas. Este mapa de itinerarios permitir\u00e1 a programadores, festivales, salas y espacios culturales descubrir oportunidades concretas de programaci\u00f3n vinculadas a artistas [&hellip;]<\/p>\n","protected":false},"author":7,"featured_media":26105,"comment_status":"closed","ping_status":"closed","sticky":false,"template":"","format":"standard","meta":{"_monsterinsights_skip_tracking":false,"_monsterinsights_sitenote_active":false,"_monsterinsights_sitenote_note":"","_monsterinsights_sitenote_category":0,"footnotes":""},"categories":[53],"tags":[],"class_list":["post-26988","post","type-post","status-publish","format-standard","has-post-thumbnail","hentry","category-noticias-generales"],"lang":"es","translations":{"es":26988,"pt":27208},"pll_sync_post":[],"post_mailing_queue_ids":[],"_links":{"self":[{"href":"https:\/\/www.ibermusicas.org\/index.php\/wp-json\/wp\/v2\/posts\/26988","targetHints":{"allow":["GET"]}}],"collection":[{"href":"https:\/\/www.ibermusicas.org\/index.php\/wp-json\/wp\/v2\/posts"}],"about":[{"href":"https:\/\/www.ibermusicas.org\/index.php\/wp-json\/wp\/v2\/types\/post"}],"author":[{"embeddable":true,"href":"https:\/\/www.ibermusicas.org\/index.php\/wp-json\/wp\/v2\/users\/7"}],"replies":[{"embeddable":true,"href":"https:\/\/www.ibermusicas.org\/index.php\/wp-json\/wp\/v2\/comments?post=26988"}],"version-history":[{"count":1,"href":"https:\/\/www.ibermusicas.org\/index.php\/wp-json\/wp\/v2\/posts\/26988\/revisions"}],"predecessor-version":[{"id":26989,"href":"https:\/\/www.ibermusicas.org\/index.php\/wp-json\/wp\/v2\/posts\/26988\/revisions\/26989"}],"wp:featuredmedia":[{"embeddable":true,"href":"https:\/\/www.ibermusicas.org\/index.php\/wp-json\/wp\/v2\/media\/26105"}],"wp:attachment":[{"href":"https:\/\/www.ibermusicas.org\/index.php\/wp-json\/wp\/v2\/media?parent=26988"}],"wp:term":[{"taxonomy":"category","embeddable":true,"href":"https:\/\/www.ibermusicas.org\/index.php\/wp-json\/wp\/v2\/categories?post=26988"},{"taxonomy":"post_tag","embeddable":true,"href":"https:\/\/www.ibermusicas.org\/index.php\/wp-json\/wp\/v2\/tags?post=26988"}],"curies":[{"name":"wp","href":"https:\/\/api.w.org\/{rel}","templated":true}]}}