{"id":27090,"date":"2025-12-01T23:33:03","date_gmt":"2025-12-01T23:33:03","guid":{"rendered":"https:\/\/www.ibermusicas.org\/?p=27090"},"modified":"2026-02-26T12:55:21","modified_gmt":"2026-02-26T12:55:21","slug":"chega-o-concerto-de-encerramento-do-4o-ciclo-anual-de-praticas-de-choro-em-buenos-aires-argentina","status":"publish","type":"post","link":"https:\/\/www.ibermusicas.org\/index.php\/chega-o-concerto-de-encerramento-do-4o-ciclo-anual-de-praticas-de-choro-em-buenos-aires-argentina\/","title":{"rendered":"Chega o concerto de encerramento do 4\u00ba Ciclo Anual de Pr\u00e1ticas de Choro em Buenos Aires, Argentina"},"content":{"rendered":"\n<p>Ser\u00e1 realizado o concerto de encerramento do ciclo de forma\u00e7\u00e3o \u201cChoro Parceiro Argentina\u201d, que prop\u00f4s encontros mensais de \u201cPr\u00e1ticas de choro\u201d com a coordena\u00e7\u00e3o de um grupo de m\u00fasicos experientes no g\u00eanero, destinados a m\u00fasicos que desejassem conhecer ou aprofundar seus conhecimentos neste belo g\u00eanero musical instrumental tipicamente carioca.<strong><\/strong><\/p>\n\n\n\n<p>Mistura &amp; Manda \u00e9 um grupo de m\u00fasicos argentinos que se dedica exclusivamente ao choro h\u00e1 20 anos. A partir de 2020, acrescentaram \u00e0 sua atividade musical a tarefa de divulgar e ensinar o g\u00eanero musical por meio da iniciativa Choro Parceiro Argentina, um projeto que conta com o apoio institucional da Escola Port\u00e1til de M\u00fasica &#8211; EPM Rio de Janeiro.<\/p>\n\n\n\n<p>Na convocat\u00f3ria 2024 do Programa Iberm\u00fasicas, receberam o Pr\u00eamio Especial Brasil\/Iberm\u00fasicas concedido pela FUNARTE (Funda\u00e7\u00e3o Nacional de Arte) do Brasil, somando assim mais um merecido reconhecimento ao seu trabalho, desta vez concedido pela mais alta institui\u00e7\u00e3o governamental de cultura do pa\u00eds de origem do choro. Este pr\u00eamio especial do Programa Iberm\u00fasicas, em colabora\u00e7\u00e3o direta com a FUNARTE, tem como objetivo mapear e ao mesmo tempo reconhecer as iniciativas dedicadas \u00e0 divulga\u00e7\u00e3o, pesquisa e ensino da m\u00fasica brasileira, em qualquer parte do mundo e fora do territ\u00f3rio nacional.<\/p>\n\n\n\n<ul class=\"wp-block-list\">\n<li>Domingo 14 de dezembro 17h30 no \u201cBar de Fondo\u201d, Juli\u00e1n \u00c1lvarez 1200, Palermo, Buenos Aires, Argentina<\/li>\n<\/ul>\n\n\n\n<p><\/p>\n","protected":false},"excerpt":{"rendered":"<p>Ser\u00e1 realizado o concerto de encerramento do ciclo de forma\u00e7\u00e3o \u201cChoro Parceiro Argentina\u201d, que prop\u00f4s encontros mensais de \u201cPr\u00e1ticas de choro\u201d com a coordena\u00e7\u00e3o de um grupo de m\u00fasicos experientes no g\u00eanero, destinados a m\u00fasicos que desejassem conhecer ou aprofundar seus conhecimentos neste belo g\u00eanero musical instrumental tipicamente carioca. Mistura &amp; Manda \u00e9 um grupo [&hellip;]<\/p>\n","protected":false},"author":7,"featured_media":27088,"comment_status":"closed","ping_status":"closed","sticky":false,"template":"","format":"standard","meta":{"_monsterinsights_skip_tracking":false,"_monsterinsights_sitenote_active":false,"_monsterinsights_sitenote_note":"","_monsterinsights_sitenote_category":0,"footnotes":""},"categories":[218],"tags":[],"class_list":["post-27090","post","type-post","status-publish","format-standard","has-post-thumbnail","hentry","category-noticias-generales-pt"],"lang":"pt","translations":{"pt":27090,"es":27087},"pll_sync_post":[],"post_mailing_queue_ids":[],"_links":{"self":[{"href":"https:\/\/www.ibermusicas.org\/index.php\/wp-json\/wp\/v2\/posts\/27090","targetHints":{"allow":["GET"]}}],"collection":[{"href":"https:\/\/www.ibermusicas.org\/index.php\/wp-json\/wp\/v2\/posts"}],"about":[{"href":"https:\/\/www.ibermusicas.org\/index.php\/wp-json\/wp\/v2\/types\/post"}],"author":[{"embeddable":true,"href":"https:\/\/www.ibermusicas.org\/index.php\/wp-json\/wp\/v2\/users\/7"}],"replies":[{"embeddable":true,"href":"https:\/\/www.ibermusicas.org\/index.php\/wp-json\/wp\/v2\/comments?post=27090"}],"version-history":[{"count":2,"href":"https:\/\/www.ibermusicas.org\/index.php\/wp-json\/wp\/v2\/posts\/27090\/revisions"}],"predecessor-version":[{"id":27092,"href":"https:\/\/www.ibermusicas.org\/index.php\/wp-json\/wp\/v2\/posts\/27090\/revisions\/27092"}],"wp:featuredmedia":[{"embeddable":true,"href":"https:\/\/www.ibermusicas.org\/index.php\/wp-json\/wp\/v2\/media\/27088"}],"wp:attachment":[{"href":"https:\/\/www.ibermusicas.org\/index.php\/wp-json\/wp\/v2\/media?parent=27090"}],"wp:term":[{"taxonomy":"category","embeddable":true,"href":"https:\/\/www.ibermusicas.org\/index.php\/wp-json\/wp\/v2\/categories?post=27090"},{"taxonomy":"post_tag","embeddable":true,"href":"https:\/\/www.ibermusicas.org\/index.php\/wp-json\/wp\/v2\/tags?post=27090"}],"curies":[{"name":"wp","href":"https:\/\/api.w.org\/{rel}","templated":true}]}}