{"id":27756,"date":"2026-03-12T18:00:13","date_gmt":"2026-03-12T18:00:13","guid":{"rendered":"https:\/\/www.ibermusicas.org\/?p=27756"},"modified":"2026-03-30T18:27:36","modified_gmt":"2026-03-30T18:27:36","slug":"oportunidad-para-el-desarrollo-de-programas-de-formacion-en-bandas-sonoras-para-cine-y-series-composicion-creacion-produccion-sincronizacion-entre-otros","status":"publish","type":"post","link":"https:\/\/www.ibermusicas.org\/index.php\/oportunidad-para-el-desarrollo-de-programas-de-formacion-en-bandas-sonoras-para-cine-y-series-composicion-creacion-produccion-sincronizacion-entre-otros\/","title":{"rendered":"Oportunidad para el desarrollo de programas de formaci\u00f3n en bandas sonoras para cine y series: composici\u00f3n, creaci\u00f3n, producci\u00f3n, sincronizaci\u00f3n, entre otros"},"content":{"rendered":"\n<p>Desde Iberm\u00fasicas compartimos la apertura de la modalidad <strong>Apoyo a Programas de Formaci\u00f3n orientados a profesionales de la industria audiovisual iberoamericana<\/strong>, del Programa Ibermedia.<\/p>\n\n\n\n<p>Esta l\u00ednea constituye una oportunidad estrat\u00e9gica para instituciones que desarrollen propuestas formativas vinculadas a la creaci\u00f3n de m\u00fasica para cine y series, tales como cursos, laboratorios o programas especializados en composici\u00f3n de bandas sonoras, producci\u00f3n musical aplicada al audiovisual, as\u00ed como formaci\u00f3n en derechos de autor, sincronizaci\u00f3n y propiedad intelectual musical.<\/p>\n\n\n\n<p>La ayuda podr\u00e1 alcanzar hasta <strong>USD 50.000 por programa formativo<\/strong> y est\u00e1 destinada exclusivamente al otorgamiento de becas para las y los participantes seleccionados. El aporte no podr\u00e1 superar el 50% del presupuesto total de la actividad. Este apoyo permite a las instituciones otorgar becas a compositores y compositoras, facilitar su participaci\u00f3n internacional y fortalecer redes regionales de formaci\u00f3n musical en articulaci\u00f3n con el sector audiovisual.<\/p>\n\n\n\n<p>Se establece como requisito que la mayor\u00eda de las y los becarios sean de un pa\u00eds iberoamericano distinto al pa\u00eds sede del programa, promoviendo as\u00ed la circulaci\u00f3n regional y la construcci\u00f3n de redes profesionales en el \u00e1mbito audiovisual.<\/p>\n\n\n\n<p>Podr\u00e1n postular universidades, escuelas, centros de formaci\u00f3n profesional especializados, asociaciones y entidades del sector audiovisual legalmente constituidas, en alguno de los pa\u00edses miembros de ibermedia. No se admiten postulaciones de personas f\u00edsicas.<\/p>\n\n\n\n<p>Las propuestas podr\u00e1n presentarse hasta el <strong>30 de marzo de 2026<\/strong>.<\/p>\n\n\n\n<p><br>Desde Iberm\u00fasicas alentamos a las instituciones del sector a considerar esta convocatoria como una oportunidad para fortalecer la articulaci\u00f3n entre m\u00fasica y audiovisual en el Espacio Cultural Iberoamericano.<\/p>\n\n\n\n<ul class=\"wp-block-list\">\n<li>Bases e informaci\u00f3n completa:<\/li>\n<\/ul>\n\n\n\n<p><a href=\"https:\/\/www.programaibermedia.com\/nuestras-convocatorias\/\">https:\/\/www.programaibermedia.com\/nuestras-convocatorias\/<\/a> Contacto para consultas: Zuri Ferm\u00edn \u2013 zfermin@programaibermedia.com<\/p>\n","protected":false},"excerpt":{"rendered":"<p>Desde Iberm\u00fasicas compartimos la apertura de la modalidad Apoyo a Programas de Formaci\u00f3n orientados a profesionales de la industria audiovisual iberoamericana, del Programa Ibermedia. Esta l\u00ednea constituye una oportunidad estrat\u00e9gica para instituciones que desarrollen propuestas formativas vinculadas a la creaci\u00f3n de m\u00fasica para cine y series, tales como cursos, laboratorios o programas especializados en composici\u00f3n [&hellip;]<\/p>\n","protected":false},"author":7,"featured_media":27757,"comment_status":"closed","ping_status":"closed","sticky":false,"template":"","format":"standard","meta":{"_monsterinsights_skip_tracking":false,"_monsterinsights_sitenote_active":false,"_monsterinsights_sitenote_note":"","_monsterinsights_sitenote_category":0,"footnotes":""},"categories":[53],"tags":[],"class_list":["post-27756","post","type-post","status-publish","format-standard","has-post-thumbnail","hentry","category-noticias-generales"],"lang":"es","translations":{"es":27756,"pt":27759},"pll_sync_post":[],"post_mailing_queue_ids":[],"_links":{"self":[{"href":"https:\/\/www.ibermusicas.org\/index.php\/wp-json\/wp\/v2\/posts\/27756","targetHints":{"allow":["GET"]}}],"collection":[{"href":"https:\/\/www.ibermusicas.org\/index.php\/wp-json\/wp\/v2\/posts"}],"about":[{"href":"https:\/\/www.ibermusicas.org\/index.php\/wp-json\/wp\/v2\/types\/post"}],"author":[{"embeddable":true,"href":"https:\/\/www.ibermusicas.org\/index.php\/wp-json\/wp\/v2\/users\/7"}],"replies":[{"embeddable":true,"href":"https:\/\/www.ibermusicas.org\/index.php\/wp-json\/wp\/v2\/comments?post=27756"}],"version-history":[{"count":1,"href":"https:\/\/www.ibermusicas.org\/index.php\/wp-json\/wp\/v2\/posts\/27756\/revisions"}],"predecessor-version":[{"id":27758,"href":"https:\/\/www.ibermusicas.org\/index.php\/wp-json\/wp\/v2\/posts\/27756\/revisions\/27758"}],"wp:featuredmedia":[{"embeddable":true,"href":"https:\/\/www.ibermusicas.org\/index.php\/wp-json\/wp\/v2\/media\/27757"}],"wp:attachment":[{"href":"https:\/\/www.ibermusicas.org\/index.php\/wp-json\/wp\/v2\/media?parent=27756"}],"wp:term":[{"taxonomy":"category","embeddable":true,"href":"https:\/\/www.ibermusicas.org\/index.php\/wp-json\/wp\/v2\/categories?post=27756"},{"taxonomy":"post_tag","embeddable":true,"href":"https:\/\/www.ibermusicas.org\/index.php\/wp-json\/wp\/v2\/tags?post=27756"}],"curies":[{"name":"wp","href":"https:\/\/api.w.org\/{rel}","templated":true}]}}