{"id":27759,"date":"2026-03-12T18:01:46","date_gmt":"2026-03-12T18:01:46","guid":{"rendered":"https:\/\/www.ibermusicas.org\/?p=27759"},"modified":"2026-03-30T18:29:12","modified_gmt":"2026-03-30T18:29:12","slug":"oportunidade-para-o-desenvolvimento-de-programas-de-formacao-em-trilhas-sonoras-para-cinema-e-series-composicao-criacao-producao-sincronizacao-entre-outros","status":"publish","type":"post","link":"https:\/\/www.ibermusicas.org\/index.php\/oportunidade-para-o-desenvolvimento-de-programas-de-formacao-em-trilhas-sonoras-para-cinema-e-series-composicao-criacao-producao-sincronizacao-entre-outros\/","title":{"rendered":"Oportunidade para o desenvolvimento de programas de forma\u00e7\u00e3o em trilhas sonoras para cinema e s\u00e9ries: composi\u00e7\u00e3o, cria\u00e7\u00e3o, produ\u00e7\u00e3o, sincroniza\u00e7\u00e3o, entre outros"},"content":{"rendered":"\n<p>Desde o Programa Iberm\u00fasicas compartilhamos a abertura da modalidade <strong>Apoio a Programas de Forma\u00e7\u00e3o orientados a profissionais da ind\u00fastria audiovisual ibero-americana<\/strong>, do Programa Ibermedia.<\/p>\n\n\n\n<p>Esta linha constitui uma oportunidade estrat\u00e9gica para institui\u00e7\u00f5es que desenvolvam propostas formativas vinculadas \u00e0 cria\u00e7\u00e3o de m\u00fasica para cinema e s\u00e9ries, tais como cursos, laborat\u00f3rios ou programas especializados em composi\u00e7\u00e3o de trilhas sonoras, produ\u00e7\u00e3o musical aplicada ao audiovisual, bem como forma\u00e7\u00e3o em direitos autorais, sincroniza\u00e7\u00e3o e propriedade intelectual musical.<\/p>\n\n\n\n<p>O apoio poder\u00e1 chegar a at\u00e9 <strong>USD 50.000 por programa de forma\u00e7\u00e3o<\/strong> e est\u00e1 destinado exclusivamente \u00e0 concess\u00e3o de bolsas para as e os participantes selecionados. A contribui\u00e7\u00e3o n\u00e3o poder\u00e1 superar 50% do or\u00e7amento total da atividade. Este apoio permite \u00e0s institui\u00e7\u00f5es conceder bolsas a compositores e compositoras, facilitar sua participa\u00e7\u00e3o internacional e fortalecer redes regionais de forma\u00e7\u00e3o musical em articula\u00e7\u00e3o com o setor audiovisual.<\/p>\n\n\n\n<p>Estabelece-se como requisito que a maioria das e dos bolsistas seja de um pa\u00eds ibero-americano distinto do pa\u00eds-sede do programa, promovendo assim a circula\u00e7\u00e3o regional e a constru\u00e7\u00e3o de redes profissionais no \u00e2mbito audiovisual.<\/p>\n\n\n\n<p>Poder\u00e3o candidatar-se universidades, escolas, centros de forma\u00e7\u00e3o profissional especializados, associa\u00e7\u00f5es e entidades do setor audiovisual legalmente constitu\u00eddas em algum dos pa\u00edses membros do Ibermedia. N\u00e3o ser\u00e3o aceitas candidaturas de pessoas f\u00edsicas.<\/p>\n\n\n\n<p>As propostas poder\u00e3o ser apresentadas at\u00e9 <strong>30 de mar\u00e7o de 2026<\/strong>.<\/p>\n\n\n\n<p>Desde o Programa Iberm\u00fasicas incentivamos as institui\u00e7\u00f5es do setor a considerar esta convocat\u00f3ria como uma oportunidade para fortalecer a articula\u00e7\u00e3o entre m\u00fasica e audiovisual no Espa\u00e7o Cultural Ibero-Americano.<\/p>\n\n\n\n<ul class=\"wp-block-list\">\n<li>Bases e informa\u00e7\u00f5es completas:<br><a href=\"https:\/\/www.programaibermedia.com\/nuestras-convocatorias\/\">https:\/\/www.programaibermedia.com\/nuestras-convocatorias\/<\/a><\/li>\n\n\n\n<li>Contato para consultas: Zuri Ferm\u00edn \u2013 zfermin@programaibermedia.com<\/li>\n<\/ul>\n\n\n\n<p><\/p>\n\n\n\n<p><\/p>\n","protected":false},"excerpt":{"rendered":"<p>Desde o Programa Iberm\u00fasicas compartilhamos a abertura da modalidade Apoio a Programas de Forma\u00e7\u00e3o orientados a profissionais da ind\u00fastria audiovisual ibero-americana, do Programa Ibermedia. Esta linha constitui uma oportunidade estrat\u00e9gica para institui\u00e7\u00f5es que desenvolvam propostas formativas vinculadas \u00e0 cria\u00e7\u00e3o de m\u00fasica para cinema e s\u00e9ries, tais como cursos, laborat\u00f3rios ou programas especializados em composi\u00e7\u00e3o de [&hellip;]<\/p>\n","protected":false},"author":7,"featured_media":27757,"comment_status":"closed","ping_status":"closed","sticky":false,"template":"","format":"standard","meta":{"_monsterinsights_skip_tracking":false,"_monsterinsights_sitenote_active":false,"_monsterinsights_sitenote_note":"","_monsterinsights_sitenote_category":0,"footnotes":""},"categories":[218],"tags":[],"class_list":["post-27759","post","type-post","status-publish","format-standard","has-post-thumbnail","hentry","category-noticias-generales-pt"],"lang":"pt","translations":{"pt":27759,"es":27756},"pll_sync_post":[],"post_mailing_queue_ids":[],"_links":{"self":[{"href":"https:\/\/www.ibermusicas.org\/index.php\/wp-json\/wp\/v2\/posts\/27759","targetHints":{"allow":["GET"]}}],"collection":[{"href":"https:\/\/www.ibermusicas.org\/index.php\/wp-json\/wp\/v2\/posts"}],"about":[{"href":"https:\/\/www.ibermusicas.org\/index.php\/wp-json\/wp\/v2\/types\/post"}],"author":[{"embeddable":true,"href":"https:\/\/www.ibermusicas.org\/index.php\/wp-json\/wp\/v2\/users\/7"}],"replies":[{"embeddable":true,"href":"https:\/\/www.ibermusicas.org\/index.php\/wp-json\/wp\/v2\/comments?post=27759"}],"version-history":[{"count":2,"href":"https:\/\/www.ibermusicas.org\/index.php\/wp-json\/wp\/v2\/posts\/27759\/revisions"}],"predecessor-version":[{"id":27761,"href":"https:\/\/www.ibermusicas.org\/index.php\/wp-json\/wp\/v2\/posts\/27759\/revisions\/27761"}],"wp:featuredmedia":[{"embeddable":true,"href":"https:\/\/www.ibermusicas.org\/index.php\/wp-json\/wp\/v2\/media\/27757"}],"wp:attachment":[{"href":"https:\/\/www.ibermusicas.org\/index.php\/wp-json\/wp\/v2\/media?parent=27759"}],"wp:term":[{"taxonomy":"category","embeddable":true,"href":"https:\/\/www.ibermusicas.org\/index.php\/wp-json\/wp\/v2\/categories?post=27759"},{"taxonomy":"post_tag","embeddable":true,"href":"https:\/\/www.ibermusicas.org\/index.php\/wp-json\/wp\/v2\/tags?post=27759"}],"curies":[{"name":"wp","href":"https:\/\/api.w.org\/{rel}","templated":true}]}}