{"id":27762,"date":"2026-03-12T18:03:40","date_gmt":"2026-03-12T18:03:40","guid":{"rendered":"https:\/\/www.ibermusicas.org\/?p=27762"},"modified":"2026-03-12T18:03:41","modified_gmt":"2026-03-12T18:03:41","slug":"ibermusicas-comparte-con-el-sector-musical-iberoamericano-una-plataforma-que-ofrece-informacion-actualizada-sobre-oportunidades-de-movilidad-internacional-para-artistas-y-profesionales-de-la-cultura","status":"publish","type":"post","link":"https:\/\/www.ibermusicas.org\/index.php\/ibermusicas-comparte-con-el-sector-musical-iberoamericano-una-plataforma-que-ofrece-informacion-actualizada-sobre-oportunidades-de-movilidad-internacional-para-artistas-y-profesionales-de-la-cultura\/","title":{"rendered":"Iberm\u00fasicas comparte con el sector musical iberoamericano una plataforma que ofrece informaci\u00f3n actualizada sobre oportunidades de movilidad internacional para artistas y profesionales de la cultura"},"content":{"rendered":"\n<p>La movilidad internacional constituye un componente esencial del desarrollo cultural. Iberm\u00fasicas est\u00e1 profundamente comprometido con esta premisa, en l\u00ednea con los principios promovidos por la UNESCO en relaci\u00f3n con la circulaci\u00f3n de artistas, la diversidad cultural y el fortalecimiento de los ecosistemas creativos. Como Programa de Cooperaci\u00f3n, m\u00e1s all\u00e1 de destinar una parte sustantiva de su presupuesto al apoyo a la movilidad, trabaja de manera permanente en la identificaci\u00f3n y difusi\u00f3n de alternativas que ampl\u00eden el acceso del sector musical iberoamericano a fuentes complementarias de financiamiento.<\/p>\n\n\n\n<p>En este sentido, On the Move (<a href=\"http:\/\/on-the-move.org\/\">on-the-move.org<\/a>) es una plataforma gratuita, financiada en parte por la Uni\u00f3n Europea, que proporciona informaci\u00f3n actualizada sobre convocatorias abiertas para el financiamiento de la movilidad cultural. Si bien algunas convocatorias establecen criterios de elegibilidad espec\u00edficos por pa\u00eds, en numerosos casos las y los profesionales de la m\u00fasica iberoamericana pueden postularse o desarrollar proyectos en colaboraci\u00f3n con colegas de otros pa\u00edses.<\/p>\n\n\n\n<p>La plataforma re\u00fane adem\u00e1s informes, estudios y gu\u00edas pr\u00e1cticas que pueden resultar de gran utilidad para profesionales del sector. Aunque el sitio web se encuentra en ingl\u00e9s, varias de las gu\u00edas de financiamiento est\u00e1n disponibles tambi\u00e9n en espa\u00f1ol. Asimismo, ofrece informaci\u00f3n especializada sobre visados para profesionales de la cultura, legislaci\u00f3n fiscal y otros aspectos clave vinculados a la circulaci\u00f3n internacional de artistas, a trav\u00e9s de su secci\u00f3n espec\u00edfica Mobility Information Points (MIPs).<\/p>\n\n\n\n<p>Consideramos que esta herramienta puede contribuir al fortalecimiento de la proyecci\u00f3n internacional del sector musical iberoamericano.<\/p>\n\n\n\n<ul class=\"wp-block-list\">\n<li>Se puede consultar la \u201cCultural mobility funding guide\u201d en:<\/li>\n<\/ul>\n\n\n\n<figure class=\"wp-block-embed\"><div class=\"wp-block-embed__wrapper\">\nhttps:\/\/on-the-move.org\/resources\/funding\/mobility-funding-guide-caribbean\n<\/div><\/figure>\n\n\n\n<ul class=\"wp-block-list\">\n<li>M\u00e1s informaci\u00f3n: <a href=\"https:\/\/on-the-move.org\/\">https:\/\/on-the-move.org\/<\/a><\/li>\n<\/ul>\n","protected":false},"excerpt":{"rendered":"<p>La movilidad internacional constituye un componente esencial del desarrollo cultural. Iberm\u00fasicas est\u00e1 profundamente comprometido con esta premisa, en l\u00ednea con los principios promovidos por la UNESCO en relaci\u00f3n con la circulaci\u00f3n de artistas, la diversidad cultural y el fortalecimiento de los ecosistemas creativos. Como Programa de Cooperaci\u00f3n, m\u00e1s all\u00e1 de destinar una parte sustantiva de [&hellip;]<\/p>\n","protected":false},"author":7,"featured_media":27763,"comment_status":"closed","ping_status":"closed","sticky":false,"template":"","format":"standard","meta":{"_monsterinsights_skip_tracking":false,"_monsterinsights_sitenote_active":false,"_monsterinsights_sitenote_note":"","_monsterinsights_sitenote_category":0,"footnotes":""},"categories":[53],"tags":[],"class_list":["post-27762","post","type-post","status-publish","format-standard","has-post-thumbnail","hentry","category-noticias-generales"],"lang":"es","translations":{"es":27762,"pt":27765},"pll_sync_post":[],"post_mailing_queue_ids":[],"_links":{"self":[{"href":"https:\/\/www.ibermusicas.org\/index.php\/wp-json\/wp\/v2\/posts\/27762","targetHints":{"allow":["GET"]}}],"collection":[{"href":"https:\/\/www.ibermusicas.org\/index.php\/wp-json\/wp\/v2\/posts"}],"about":[{"href":"https:\/\/www.ibermusicas.org\/index.php\/wp-json\/wp\/v2\/types\/post"}],"author":[{"embeddable":true,"href":"https:\/\/www.ibermusicas.org\/index.php\/wp-json\/wp\/v2\/users\/7"}],"replies":[{"embeddable":true,"href":"https:\/\/www.ibermusicas.org\/index.php\/wp-json\/wp\/v2\/comments?post=27762"}],"version-history":[{"count":1,"href":"https:\/\/www.ibermusicas.org\/index.php\/wp-json\/wp\/v2\/posts\/27762\/revisions"}],"predecessor-version":[{"id":27764,"href":"https:\/\/www.ibermusicas.org\/index.php\/wp-json\/wp\/v2\/posts\/27762\/revisions\/27764"}],"wp:featuredmedia":[{"embeddable":true,"href":"https:\/\/www.ibermusicas.org\/index.php\/wp-json\/wp\/v2\/media\/27763"}],"wp:attachment":[{"href":"https:\/\/www.ibermusicas.org\/index.php\/wp-json\/wp\/v2\/media?parent=27762"}],"wp:term":[{"taxonomy":"category","embeddable":true,"href":"https:\/\/www.ibermusicas.org\/index.php\/wp-json\/wp\/v2\/categories?post=27762"},{"taxonomy":"post_tag","embeddable":true,"href":"https:\/\/www.ibermusicas.org\/index.php\/wp-json\/wp\/v2\/tags?post=27762"}],"curies":[{"name":"wp","href":"https:\/\/api.w.org\/{rel}","templated":true}]}}