{"id":27765,"date":"2026-03-12T18:05:30","date_gmt":"2026-03-12T18:05:30","guid":{"rendered":"https:\/\/www.ibermusicas.org\/?p=27765"},"modified":"2026-03-12T18:05:32","modified_gmt":"2026-03-12T18:05:32","slug":"o-programa-ibermusicas-compartilha-com-o-setor-musical-ibero-americano-uma-plataforma-que-oferece-informacoes-atualizadas-sobre-oportunidades-de-mobilidade-internacional-para-artistas-e-profissionais","status":"publish","type":"post","link":"https:\/\/www.ibermusicas.org\/index.php\/o-programa-ibermusicas-compartilha-com-o-setor-musical-ibero-americano-uma-plataforma-que-oferece-informacoes-atualizadas-sobre-oportunidades-de-mobilidade-internacional-para-artistas-e-profissionais\/","title":{"rendered":"O Programa Iberm\u00fasicas compartilha com o setor musical ibero-americano uma plataforma que oferece informa\u00e7\u00f5es atualizadas sobre oportunidades de mobilidade internacional para artistas e profissionais da cultura"},"content":{"rendered":"\n<p>A mobilidade internacional constitui um componente essencial do desenvolvimento cultural. O Iberm\u00fasicas est\u00e1 profundamente comprometido com essa premissa, em conson\u00e2ncia com os princ\u00edpios promovidos pela UNESCO em rela\u00e7\u00e3o \u00e0 circula\u00e7\u00e3o de artistas, \u00e0 diversidade cultural e ao fortalecimento dos ecossistemas criativos. Como Programa de Coopera\u00e7\u00e3o, al\u00e9m de destinar uma parte substancial de seu or\u00e7amento ao apoio \u00e0 mobilidade, trabalha de forma permanente na identifica\u00e7\u00e3o e difus\u00e3o de alternativas que ampliem o acesso do setor musical ibero-americano a fontes complementares de financiamento.<\/p>\n\n\n\n<p>Nesse sentido, On the Move (<a href=\"http:\/\/on-the-move.org\">on-the-move.org<\/a>) \u00e9 uma plataforma gratuita, financiada em parte pela Uni\u00e3o Europeia, que fornece informa\u00e7\u00f5es atualizadas sobre chamadas abertas para o financiamento da mobilidade cultural. Embora algumas convocat\u00f3rias estabele\u00e7am crit\u00e9rios de elegibilidade espec\u00edficos por pa\u00eds, em muitos casos profissionais da m\u00fasica ibero-americana podem se candidatar ou desenvolver projetos em colabora\u00e7\u00e3o com colegas de outros pa\u00edses.<\/p>\n\n\n\n<p>A plataforma tamb\u00e9m re\u00fane relat\u00f3rios, estudos e guias pr\u00e1ticos que podem ser de grande utilidade para profissionais do setor.<\/p>\n\n\n\n<p>Mesmo que o site esteja em ingl\u00eas, v\u00e1rias das guias de financiamento tamb\u00e9m est\u00e3o dispon\u00edveis em espanhol. Al\u00e9m disso, oferece informa\u00e7\u00f5es especializadas sobre vistos para profissionais da cultura, legisla\u00e7\u00e3o fiscal e outros aspectos-chave vinculados \u00e0 circula\u00e7\u00e3o internacional de artistas, por meio de sua se\u00e7\u00e3o espec\u00edfica Mobility Information Points (MIPs).<\/p>\n\n\n\n<p>Consideramos que essa ferramenta pode contribuir para o fortalecimento da proje\u00e7\u00e3o internacional do setor musical ibero-americano.<\/p>\n\n\n\n<ul class=\"wp-block-list\">\n<li>O \u00abCultural mobility funding guide\u00bb pode ser consultado em:<\/li>\n<\/ul>\n\n\n\n<figure class=\"wp-block-embed\"><div class=\"wp-block-embed__wrapper\">\nhttps:\/\/on-the-move.org\/resources\/funding\/mobility-funding-guide-caribbean\n<\/div><\/figure>\n\n\n\n<ul class=\"wp-block-list\">\n<li>Mais informa\u00e7\u00f5es:<a href=\"https:\/\/on-the-move.org\/\"> https:\/\/on-the-move.org\/<\/a><\/li>\n<\/ul>\n","protected":false},"excerpt":{"rendered":"<p>A mobilidade internacional constitui um componente essencial do desenvolvimento cultural. O Iberm\u00fasicas est\u00e1 profundamente comprometido com essa premissa, em conson\u00e2ncia com os princ\u00edpios promovidos pela UNESCO em rela\u00e7\u00e3o \u00e0 circula\u00e7\u00e3o de artistas, \u00e0 diversidade cultural e ao fortalecimento dos ecossistemas criativos. Como Programa de Coopera\u00e7\u00e3o, al\u00e9m de destinar uma parte substancial de seu or\u00e7amento ao [&hellip;]<\/p>\n","protected":false},"author":7,"featured_media":27763,"comment_status":"closed","ping_status":"closed","sticky":false,"template":"","format":"standard","meta":{"_monsterinsights_skip_tracking":false,"_monsterinsights_sitenote_active":false,"_monsterinsights_sitenote_note":"","_monsterinsights_sitenote_category":0,"footnotes":""},"categories":[218],"tags":[],"class_list":["post-27765","post","type-post","status-publish","format-standard","has-post-thumbnail","hentry","category-noticias-generales-pt"],"lang":"pt","translations":{"pt":27765,"es":27762},"pll_sync_post":[],"post_mailing_queue_ids":[],"_links":{"self":[{"href":"https:\/\/www.ibermusicas.org\/index.php\/wp-json\/wp\/v2\/posts\/27765","targetHints":{"allow":["GET"]}}],"collection":[{"href":"https:\/\/www.ibermusicas.org\/index.php\/wp-json\/wp\/v2\/posts"}],"about":[{"href":"https:\/\/www.ibermusicas.org\/index.php\/wp-json\/wp\/v2\/types\/post"}],"author":[{"embeddable":true,"href":"https:\/\/www.ibermusicas.org\/index.php\/wp-json\/wp\/v2\/users\/7"}],"replies":[{"embeddable":true,"href":"https:\/\/www.ibermusicas.org\/index.php\/wp-json\/wp\/v2\/comments?post=27765"}],"version-history":[{"count":2,"href":"https:\/\/www.ibermusicas.org\/index.php\/wp-json\/wp\/v2\/posts\/27765\/revisions"}],"predecessor-version":[{"id":27767,"href":"https:\/\/www.ibermusicas.org\/index.php\/wp-json\/wp\/v2\/posts\/27765\/revisions\/27767"}],"wp:featuredmedia":[{"embeddable":true,"href":"https:\/\/www.ibermusicas.org\/index.php\/wp-json\/wp\/v2\/media\/27763"}],"wp:attachment":[{"href":"https:\/\/www.ibermusicas.org\/index.php\/wp-json\/wp\/v2\/media?parent=27765"}],"wp:term":[{"taxonomy":"category","embeddable":true,"href":"https:\/\/www.ibermusicas.org\/index.php\/wp-json\/wp\/v2\/categories?post=27765"},{"taxonomy":"post_tag","embeddable":true,"href":"https:\/\/www.ibermusicas.org\/index.php\/wp-json\/wp\/v2\/tags?post=27765"}],"curies":[{"name":"wp","href":"https:\/\/api.w.org\/{rel}","templated":true}]}}