{"id":27776,"date":"2026-03-12T18:09:11","date_gmt":"2026-03-12T18:09:11","guid":{"rendered":"https:\/\/www.ibermusicas.org\/?p=27776"},"modified":"2026-03-30T18:27:28","modified_gmt":"2026-03-30T18:27:28","slug":"la-agrupacion-calypso-de-costa-rica-inicia-la-grabacion-de-su-primer-disco","status":"publish","type":"post","link":"https:\/\/www.ibermusicas.org\/index.php\/la-agrupacion-calypso-de-costa-rica-inicia-la-grabacion-de-su-primer-disco\/","title":{"rendered":"La agrupaci\u00f3n \u201cCalypso de Costa Rica\u201d inicia la grabaci\u00f3n de su primer disco"},"content":{"rendered":"\n<p>Calypso de Costa Rica es un grupo musical&nbsp; nacido en San Jos\u00e9, Costa Rica en el a\u00f1o 2015, que se enfoca en fomentar y mantener viva la cultura caribe\u00f1a de Costa Rica a trav\u00e9s de la m\u00fasica y las letras de sus canciones. Con casi una d\u00e9cada de trayectoria, se ha presentado en festivales de m\u00fasicas tradicionales y eventos corporativos en todo el pa\u00eds, consolid\u00e1ndose como un referente en este g\u00e9nero.<\/p>\n\n\n\n<p>La historia de la m\u00fasica calypso en Costa Rica se remonta a finales del siglo XIX, cuando inmigrantes afrocaribe\u00f1os llegaron a Lim\u00f3n, Este g\u00e9nero musical, originario de Trinidad y Tobago, se ha adaptado y evolucionado en Costa Rica, convirti\u00e9ndose en una parte esencial de la identidad cultural afrodescendiente del pa\u00eds.<\/p>\n\n\n\n<p>La grabaci\u00f3n de este primer \u00e1lbum de \u201cCalypso de Costa Rica\u201d es posible gracias al apoyo del Programa Iberm\u00fasicas a trav\u00e9s de su l\u00ednea de Ayuda a proyectos virtuales, convocatoria 2025.<\/p>\n","protected":false},"excerpt":{"rendered":"<p>Calypso de Costa Rica es un grupo musical&nbsp; nacido en San Jos\u00e9, Costa Rica en el a\u00f1o 2015, que se enfoca en fomentar y mantener viva la cultura caribe\u00f1a de Costa Rica a trav\u00e9s de la m\u00fasica y las letras de sus canciones. Con casi una d\u00e9cada de trayectoria, se ha presentado en festivales de [&hellip;]<\/p>\n","protected":false},"author":7,"featured_media":27777,"comment_status":"closed","ping_status":"closed","sticky":false,"template":"","format":"standard","meta":{"_monsterinsights_skip_tracking":false,"_monsterinsights_sitenote_active":false,"_monsterinsights_sitenote_note":"","_monsterinsights_sitenote_category":0,"footnotes":""},"categories":[53],"tags":[],"class_list":["post-27776","post","type-post","status-publish","format-standard","has-post-thumbnail","hentry","category-noticias-generales"],"lang":"es","translations":{"es":27776},"pll_sync_post":[],"post_mailing_queue_ids":[],"_links":{"self":[{"href":"https:\/\/www.ibermusicas.org\/index.php\/wp-json\/wp\/v2\/posts\/27776","targetHints":{"allow":["GET"]}}],"collection":[{"href":"https:\/\/www.ibermusicas.org\/index.php\/wp-json\/wp\/v2\/posts"}],"about":[{"href":"https:\/\/www.ibermusicas.org\/index.php\/wp-json\/wp\/v2\/types\/post"}],"author":[{"embeddable":true,"href":"https:\/\/www.ibermusicas.org\/index.php\/wp-json\/wp\/v2\/users\/7"}],"replies":[{"embeddable":true,"href":"https:\/\/www.ibermusicas.org\/index.php\/wp-json\/wp\/v2\/comments?post=27776"}],"version-history":[{"count":1,"href":"https:\/\/www.ibermusicas.org\/index.php\/wp-json\/wp\/v2\/posts\/27776\/revisions"}],"predecessor-version":[{"id":27778,"href":"https:\/\/www.ibermusicas.org\/index.php\/wp-json\/wp\/v2\/posts\/27776\/revisions\/27778"}],"wp:featuredmedia":[{"embeddable":true,"href":"https:\/\/www.ibermusicas.org\/index.php\/wp-json\/wp\/v2\/media\/27777"}],"wp:attachment":[{"href":"https:\/\/www.ibermusicas.org\/index.php\/wp-json\/wp\/v2\/media?parent=27776"}],"wp:term":[{"taxonomy":"category","embeddable":true,"href":"https:\/\/www.ibermusicas.org\/index.php\/wp-json\/wp\/v2\/categories?post=27776"},{"taxonomy":"post_tag","embeddable":true,"href":"https:\/\/www.ibermusicas.org\/index.php\/wp-json\/wp\/v2\/tags?post=27776"}],"curies":[{"name":"wp","href":"https:\/\/api.w.org\/{rel}","templated":true}]}}