{"id":27782,"date":"2026-03-12T18:14:00","date_gmt":"2026-03-12T18:14:00","guid":{"rendered":"https:\/\/www.ibermusicas.org\/?p=27782"},"modified":"2026-03-30T18:27:21","modified_gmt":"2026-03-30T18:27:21","slug":"llega-a-costa-rica-la-edicion-especial-de-tambor-cr-fest-enfocada-en-la-cultura-afro-cubana-y-el-intercambio-musical","status":"publish","type":"post","link":"https:\/\/www.ibermusicas.org\/index.php\/llega-a-costa-rica-la-edicion-especial-de-tambor-cr-fest-enfocada-en-la-cultura-afro-cubana-y-el-intercambio-musical\/","title":{"rendered":"Llega a Costa Rica la edici\u00f3n especial de Tambor CR Fest, enfocada en la cultura afro-cubana y el intercambio musical"},"content":{"rendered":"\n<p>Tambor CR Fest \u00b7 CFS es un encuentro cultural y musical que fortalece el intercambio art\u00edstico entre Cuba y Costa Rica, con un enfoque en la tradici\u00f3n afro-cubana, la percusi\u00f3n y los procesos formativos para m\u00fasicos, percusionistas y p\u00fablico en general.<\/p>\n\n\n\n<p>Este proyecto ha sido concebido como un espacio de aprendizaje, di\u00e1logo y creaci\u00f3n colectiva, donde la transmisi\u00f3n de saberes musicales convive con propuestas contempor\u00e1neas de escena art\u00edstica.<\/p>\n\n\n\n<p>Los maestros invitados son Alain P\u00e9rez (Maestro m\u00fasico y referente internacional de la m\u00fasica y tradici\u00f3n cubana) y B\u00e1rbaro \u201cMachito\u201d Crespo (Maestro percusionista cubano, con amplia trayectoria art\u00edstica y pedag\u00f3gica). Ambos compartir\u00e1n clases magistrales, residencias musicales y presentaciones art\u00edsticas, convirtiendo esta edici\u00f3n en una experiencia cultural \u00fanica para la comunidad musical regional.<\/p>\n\n\n\n<p>El enfoque cultural y los objetivos del encuentro consisten en:<\/p>\n\n\n\n<ul class=\"wp-block-list\">\n<li>Poner en valor la herencia afro-cubana y su impacto en Am\u00e9rica Latina<\/li>\n\n\n\n<li>Impulsar el intercambio pedag\u00f3gico y art\u00edstico entre<\/li>\n<\/ul>\n\n\n\n<p>pa\u00edses<\/p>\n\n\n\n<ul class=\"wp-block-list\">\n<li>Fortalecer redes entre m\u00fasicos, percusionistas, gestores y estudiantes<\/li>\n\n\n\n<li>Generar espacios de convivencia cultural abiertos al p\u00fablico<\/li>\n<\/ul>\n\n\n\n<p>Esta edici\u00f3n especial de Tambor CR Fest, es posible gracias al apoyo del Programa Iberm\u00fasicas mediante su l\u00ednea de Ayuda a la programaci\u00f3n musical, convocatoria 2025.<\/p>\n\n\n\n<ul class=\"wp-block-list\">\n<li>17 de marzo: Jazz Caf\u00e9, San Jos\u00e9, Costa Rica<\/li>\n<\/ul>\n","protected":false},"excerpt":{"rendered":"<p>Tambor CR Fest \u00b7 CFS es un encuentro cultural y musical que fortalece el intercambio art\u00edstico entre Cuba y Costa Rica, con un enfoque en la tradici\u00f3n afro-cubana, la percusi\u00f3n y los procesos formativos para m\u00fasicos, percusionistas y p\u00fablico en general. Este proyecto ha sido concebido como un espacio de aprendizaje, di\u00e1logo y creaci\u00f3n colectiva, [&hellip;]<\/p>\n","protected":false},"author":7,"featured_media":27783,"comment_status":"closed","ping_status":"closed","sticky":false,"template":"","format":"standard","meta":{"_monsterinsights_skip_tracking":false,"_monsterinsights_sitenote_active":false,"_monsterinsights_sitenote_note":"","_monsterinsights_sitenote_category":0,"footnotes":""},"categories":[53],"tags":[],"class_list":["post-27782","post","type-post","status-publish","format-standard","has-post-thumbnail","hentry","category-noticias-generales"],"lang":"es","translations":{"es":27782},"pll_sync_post":[],"post_mailing_queue_ids":[],"_links":{"self":[{"href":"https:\/\/www.ibermusicas.org\/index.php\/wp-json\/wp\/v2\/posts\/27782","targetHints":{"allow":["GET"]}}],"collection":[{"href":"https:\/\/www.ibermusicas.org\/index.php\/wp-json\/wp\/v2\/posts"}],"about":[{"href":"https:\/\/www.ibermusicas.org\/index.php\/wp-json\/wp\/v2\/types\/post"}],"author":[{"embeddable":true,"href":"https:\/\/www.ibermusicas.org\/index.php\/wp-json\/wp\/v2\/users\/7"}],"replies":[{"embeddable":true,"href":"https:\/\/www.ibermusicas.org\/index.php\/wp-json\/wp\/v2\/comments?post=27782"}],"version-history":[{"count":1,"href":"https:\/\/www.ibermusicas.org\/index.php\/wp-json\/wp\/v2\/posts\/27782\/revisions"}],"predecessor-version":[{"id":27784,"href":"https:\/\/www.ibermusicas.org\/index.php\/wp-json\/wp\/v2\/posts\/27782\/revisions\/27784"}],"wp:featuredmedia":[{"embeddable":true,"href":"https:\/\/www.ibermusicas.org\/index.php\/wp-json\/wp\/v2\/media\/27783"}],"wp:attachment":[{"href":"https:\/\/www.ibermusicas.org\/index.php\/wp-json\/wp\/v2\/media?parent=27782"}],"wp:term":[{"taxonomy":"category","embeddable":true,"href":"https:\/\/www.ibermusicas.org\/index.php\/wp-json\/wp\/v2\/categories?post=27782"},{"taxonomy":"post_tag","embeddable":true,"href":"https:\/\/www.ibermusicas.org\/index.php\/wp-json\/wp\/v2\/tags?post=27782"}],"curies":[{"name":"wp","href":"https:\/\/api.w.org\/{rel}","templated":true}]}}