{"id":27794,"date":"2026-03-12T18:18:47","date_gmt":"2026-03-12T18:18:47","guid":{"rendered":"https:\/\/www.ibermusicas.org\/?p=27794"},"modified":"2026-03-12T18:18:48","modified_gmt":"2026-03-12T18:18:48","slug":"la-13a-maratona-cultural-de-florianopolis-invita-a-la-agrupacion-uruguaya-cuatro-pesos-de-propina","status":"publish","type":"post","link":"https:\/\/www.ibermusicas.org\/index.php\/la-13a-maratona-cultural-de-florianopolis-invita-a-la-agrupacion-uruguaya-cuatro-pesos-de-propina\/","title":{"rendered":"La 13\u00aa Maratona Cultural de Florian\u00f3polis invita a la agrupaci\u00f3n uruguaya Cuatro Pesos de Propina"},"content":{"rendered":"\n<p>Presentaci\u00f3n del grupo uruguayo Cuatro Pesos de Propina dentro de la programaci\u00f3n musical de la 12\u00aa Marat\u00f3n Cultural y realizaci\u00f3n de una actividad educativa que consistir\u00e1 en un Pocket Show con intervalos de conversaci\u00f3n sobre la escena musical en Am\u00e9rica Latina destinado a artistas, productores, estudiantes y personas interesadas en el mundo musical, con el objetivo de ampliar el impacto art\u00edstico del proyecto, enriquecer el di\u00e1logo cultural iberoamericano y fortalecer el intercambio entre escenas musicales. Todo ello, en el marco de una amplia programaci\u00f3n gratuita y en espacio p\u00fablico, que democratiza el acceso y el disfrute de los bienes culturales.<\/p>\n\n\n\n<p>Cuatro Pesos de Propina es una de las bandas m\u00e1s representativas de la m\u00fasica independiente del Uruguay en las \u00faltimas dos d\u00e9cadas. Fundada en Montevideo a comienzos de los a\u00f1os 2000, la banda consolid\u00f3 una trayectoria marcada por la fusi\u00f3n de g\u00e9neros musicales y un compromiso con la autogesti\u00f3n, la independencia art\u00edstica y el compromiso social, convirti\u00e9ndose en una referencia dentro del circuito alternativo latinoamericano.<\/p>\n\n\n\n<p>Con m\u00e1s de dos d\u00e9cadas de trayectoria, Cuatro Pesos de Propina se ha convertido en un s\u00edmbolo de la m\u00fasica independiente en Uruguay, articulando con excelencia creaci\u00f3n art\u00edstica, innovaci\u00f3n sonora y compromiso social. Su trabajo es reconocido no solo por su calidad musical, sino tambi\u00e9n por su modelo de autogesti\u00f3n, que inspira a otros colectivos en Am\u00e9rica Latina.<\/p>\n\n\n\n<p>La 13\u00aa Marat\u00f3n Cultural de Florian\u00f3polis fue ganadora de la convocatoria 2025 del Programa Iberm\u00fasicas, en la l\u00ednea de Ayuda a la programaci\u00f3n musical.<\/p>\n\n\n\n<ul class=\"wp-block-list\">\n<li>20 a 23 de marzo, Arena Floripa, Florian\u00f3polis, Santa Catarina, Brasil<\/li>\n<\/ul>\n","protected":false},"excerpt":{"rendered":"<p>Presentaci\u00f3n del grupo uruguayo Cuatro Pesos de Propina dentro de la programaci\u00f3n musical de la 12\u00aa Marat\u00f3n Cultural y realizaci\u00f3n de una actividad educativa que consistir\u00e1 en un Pocket Show con intervalos de conversaci\u00f3n sobre la escena musical en Am\u00e9rica Latina destinado a artistas, productores, estudiantes y personas interesadas en el mundo musical, con el [&hellip;]<\/p>\n","protected":false},"author":7,"featured_media":27795,"comment_status":"closed","ping_status":"closed","sticky":false,"template":"","format":"standard","meta":{"_monsterinsights_skip_tracking":false,"_monsterinsights_sitenote_active":false,"_monsterinsights_sitenote_note":"","_monsterinsights_sitenote_category":0,"footnotes":""},"categories":[53],"tags":[],"class_list":["post-27794","post","type-post","status-publish","format-standard","has-post-thumbnail","hentry","category-noticias-generales"],"lang":"es","translations":{"es":27794,"pt":27797},"pll_sync_post":[],"post_mailing_queue_ids":[],"_links":{"self":[{"href":"https:\/\/www.ibermusicas.org\/index.php\/wp-json\/wp\/v2\/posts\/27794","targetHints":{"allow":["GET"]}}],"collection":[{"href":"https:\/\/www.ibermusicas.org\/index.php\/wp-json\/wp\/v2\/posts"}],"about":[{"href":"https:\/\/www.ibermusicas.org\/index.php\/wp-json\/wp\/v2\/types\/post"}],"author":[{"embeddable":true,"href":"https:\/\/www.ibermusicas.org\/index.php\/wp-json\/wp\/v2\/users\/7"}],"replies":[{"embeddable":true,"href":"https:\/\/www.ibermusicas.org\/index.php\/wp-json\/wp\/v2\/comments?post=27794"}],"version-history":[{"count":1,"href":"https:\/\/www.ibermusicas.org\/index.php\/wp-json\/wp\/v2\/posts\/27794\/revisions"}],"predecessor-version":[{"id":27796,"href":"https:\/\/www.ibermusicas.org\/index.php\/wp-json\/wp\/v2\/posts\/27794\/revisions\/27796"}],"wp:featuredmedia":[{"embeddable":true,"href":"https:\/\/www.ibermusicas.org\/index.php\/wp-json\/wp\/v2\/media\/27795"}],"wp:attachment":[{"href":"https:\/\/www.ibermusicas.org\/index.php\/wp-json\/wp\/v2\/media?parent=27794"}],"wp:term":[{"taxonomy":"category","embeddable":true,"href":"https:\/\/www.ibermusicas.org\/index.php\/wp-json\/wp\/v2\/categories?post=27794"},{"taxonomy":"post_tag","embeddable":true,"href":"https:\/\/www.ibermusicas.org\/index.php\/wp-json\/wp\/v2\/tags?post=27794"}],"curies":[{"name":"wp","href":"https:\/\/api.w.org\/{rel}","templated":true}]}}