{"id":27797,"date":"2026-03-12T18:19:59","date_gmt":"2026-03-12T18:19:59","guid":{"rendered":"https:\/\/www.ibermusicas.org\/?p=27797"},"modified":"2026-03-12T18:20:01","modified_gmt":"2026-03-12T18:20:01","slug":"a-13a-maratona-cultural-de-florianopolis-convida-a-agurpacao-uruguaia-cuatro-pesos-de-propina","status":"publish","type":"post","link":"https:\/\/www.ibermusicas.org\/index.php\/a-13a-maratona-cultural-de-florianopolis-convida-a-agurpacao-uruguaia-cuatro-pesos-de-propina\/","title":{"rendered":"A 13a Maratona Cultural de Florian\u00f3polis convida a agurpa\u00e7\u00e3o uruguaia Cuatro Pesos de Propina"},"content":{"rendered":"\n<p>Show do grupo Uruguaio Cuatro Pesos de Propina dentro da Programa\u00e7\u00e3o musical da 12a Maratona Cultural e a realiza\u00e7\u00e3o de uma atividade educativa que ser\u00e1 um Pocket Show com intervalos de conversa sobre a cena musical na Am\u00e9rica Latinal, destinada \u00e0 artistas, produtores, estudantes e curiosos do mundo musical, com o objetivo de ampliar o impacto art\u00edstico do projeto, enriquecer o di\u00e1logo cultural ibero-americano e fortalecer o interc\u00e2mbio entre cenas musicais. Tudo isso, dentro de uma vasta programa\u00e7\u00e3o gratuita e em espa\u00e7o p\u00fablico, que democratiza o acesso e a frui\u00e7\u00e3o \u00e0 bens culturais.<\/p>\n\n\n\n<p>Cuatro Pesos de Propina \u00e9 uma das bandas mais representativas da m\u00fasica independente do Uruguai nas \u00faltimas duas d\u00e9cadas. Fundada em Montevid\u00e9u no in\u00edcio dos anos 2000, a banda consolidou uma trajet\u00f3ria marcada pela fus\u00e3o de g\u00eaneros musicais e um compromisso com a autogest\u00e3o, a independ\u00eancia art\u00edstica e o engajamento social, tornando-se refer\u00eancia no circuito alternativo latino-americano.<\/p>\n\n\n\n<p>Com mais de duas d\u00e9cadas de trajet\u00f3ria, Cuatro Pesos de Propina tornou-se um s\u00edmbolo da m\u00fasica independente no Uruguai, articulando com excel\u00eancia cria\u00e7\u00e3o art\u00edstica, inova\u00e7\u00e3o sonora e compromisso social. Seu trabalho \u00e9 reconhecido n\u00e3o apenas por sua qualidade musical, mas tamb\u00e9m pelo modelo de autogest\u00e3o, que inspira outros coletivos na Am\u00e9rica Latina.<\/p>\n\n\n\n<p>A 12a Maratona Cultural de Florian\u00f3polis foi vencedora da convocat\u00f3ria 2025 do Programa Iberm\u00fasicas na linha de Apoio \u00e0 programa\u00e7\u00e3o musical.<\/p>\n\n\n\n<ul class=\"wp-block-list\">\n<li>20 a 23 de mar\u00e7o, Arena Floripa, Florian\u00f3polis, Santa Catarina, Brasil<\/li>\n<\/ul>\n\n\n\n<p><\/p>\n","protected":false},"excerpt":{"rendered":"<p>Show do grupo Uruguaio Cuatro Pesos de Propina dentro da Programa\u00e7\u00e3o musical da 12a Maratona Cultural e a realiza\u00e7\u00e3o de uma atividade educativa que ser\u00e1 um Pocket Show com intervalos de conversa sobre a cena musical na Am\u00e9rica Latinal, destinada \u00e0 artistas, produtores, estudantes e curiosos do mundo musical, com o objetivo de ampliar o [&hellip;]<\/p>\n","protected":false},"author":7,"featured_media":27795,"comment_status":"closed","ping_status":"closed","sticky":false,"template":"","format":"standard","meta":{"_monsterinsights_skip_tracking":false,"_monsterinsights_sitenote_active":false,"_monsterinsights_sitenote_note":"","_monsterinsights_sitenote_category":0,"footnotes":""},"categories":[218],"tags":[],"class_list":["post-27797","post","type-post","status-publish","format-standard","has-post-thumbnail","hentry","category-noticias-generales-pt"],"lang":"pt","translations":{"pt":27797,"es":27794},"pll_sync_post":[],"post_mailing_queue_ids":[],"_links":{"self":[{"href":"https:\/\/www.ibermusicas.org\/index.php\/wp-json\/wp\/v2\/posts\/27797","targetHints":{"allow":["GET"]}}],"collection":[{"href":"https:\/\/www.ibermusicas.org\/index.php\/wp-json\/wp\/v2\/posts"}],"about":[{"href":"https:\/\/www.ibermusicas.org\/index.php\/wp-json\/wp\/v2\/types\/post"}],"author":[{"embeddable":true,"href":"https:\/\/www.ibermusicas.org\/index.php\/wp-json\/wp\/v2\/users\/7"}],"replies":[{"embeddable":true,"href":"https:\/\/www.ibermusicas.org\/index.php\/wp-json\/wp\/v2\/comments?post=27797"}],"version-history":[{"count":2,"href":"https:\/\/www.ibermusicas.org\/index.php\/wp-json\/wp\/v2\/posts\/27797\/revisions"}],"predecessor-version":[{"id":27799,"href":"https:\/\/www.ibermusicas.org\/index.php\/wp-json\/wp\/v2\/posts\/27797\/revisions\/27799"}],"wp:featuredmedia":[{"embeddable":true,"href":"https:\/\/www.ibermusicas.org\/index.php\/wp-json\/wp\/v2\/media\/27795"}],"wp:attachment":[{"href":"https:\/\/www.ibermusicas.org\/index.php\/wp-json\/wp\/v2\/media?parent=27797"}],"wp:term":[{"taxonomy":"category","embeddable":true,"href":"https:\/\/www.ibermusicas.org\/index.php\/wp-json\/wp\/v2\/categories?post=27797"},{"taxonomy":"post_tag","embeddable":true,"href":"https:\/\/www.ibermusicas.org\/index.php\/wp-json\/wp\/v2\/tags?post=27797"}],"curies":[{"name":"wp","href":"https:\/\/api.w.org\/{rel}","templated":true}]}}