{"id":27800,"date":"2026-03-12T18:21:34","date_gmt":"2026-03-12T18:21:34","guid":{"rendered":"https:\/\/www.ibermusicas.org\/?p=27800"},"modified":"2026-03-30T18:27:12","modified_gmt":"2026-03-30T18:27:12","slug":"la-gran-maestra-nidia-gongora-guardiana-de-la-tradicion-del-pacifico-sur-colombiano-realiza-una-nueva-gira-por-los-estados-unidos","status":"publish","type":"post","link":"https:\/\/www.ibermusicas.org\/index.php\/la-gran-maestra-nidia-gongora-guardiana-de-la-tradicion-del-pacifico-sur-colombiano-realiza-una-nueva-gira-por-los-estados-unidos\/","title":{"rendered":"La gran maestra Nidia G\u00f3ngora, guardiana de la tradici\u00f3n del pac\u00edfico sur colombiano, realiza una nueva gira por los Estados Unidos"},"content":{"rendered":"\n<p>La Maestra Nidia G\u00f3ngora, es la cantora con mayor reconocimiento y una referente de la m\u00fasica del Pac\u00edfico colombiano. A lo largo de sus m\u00e1s de 25 a\u00f1os de experiencia como compositora e int\u00e9rprete, la Maestra Nidia ha logrado tender puentes entre la m\u00fasica tradicional de su natal Timbiqu\u00ed (Cauca) y otros g\u00e9neros de m\u00fasicas del mundo.<\/p>\n\n\n\n<p>Es la gran portadora de la tradici\u00f3n innata heredada de sus viejos, su madre la matrona Libia Oliva Bonilla, su profesora Elizabeth Sinisterra, su padre Isaac G\u00f3ngora y los cantores y cantoras referentes de su comunidad.<\/p>\n\n\n\n<p>Directora, fundadora y voz l\u00edder de la agrupaci\u00f3n musical Canal\u00f3n de Timbiqu\u00ed, quienes han sido ganadores en numerosas ocasiones del Festival de M\u00fasica del Pac\u00edfico \u201cPetronio \u00c1lvarez, inmortalizando su voz en himnos del Pac\u00edfico colombiano. Su versatilidad la ha posicionado como un referente tanto en comunidades de m\u00fasicos tradicionales como en la escena afrolatina, llev\u00e1ndola a presentarse en m\u00faltiples escenarios internacionales en Europa, Asia y Estados Unidos. Reciente recibi\u00f3 reconocimiento como una de los 100 nuevos l\u00edderes de Colombia por parte del Grupo Prisa y Caracol Radio.<\/p>\n\n\n\n<p>En el a\u00f1o 2023, el Ministerio de Ambiente de Colombia y Parques Nacionales de Colombia bautizaron una especie de orqu\u00eddea descubierta en los Farallones de Cali con el nombre de Lepanthes nidiagongorana, en honor a esta mujer que ha dedicado su vida por la salvaguarda de y promoci\u00f3n de los cantos tradicionales del Pac\u00edfico.<\/p>\n\n\n\n<p>Es licenciada en Educaci\u00f3n para la Primera Infancia, cantora e investigadora de la m\u00fasica tradicional del Pac\u00edfico sur colombiano. Desde hace 12 a\u00f1os adelanta una labor permanente de formaci\u00f3n musical con ni\u00f1os y ni\u00f1as en contextos escolares y comunitarios en \u00e1reas rurales y urbanas del Cauca y Valle del Cauca a trav\u00e9s de la Fundaci\u00f3n Escuela Canal\u00f3n, un proyecto que rescata y conserva los valores de la identidad cultural de la regi\u00f3n.<\/p>\n\n\n\n<p>Nidia G\u00f3ngora tambi\u00e9n es una empresaria y activista reconocida como una de mujeres l\u00edderes y emprendedoras de la regi\u00f3n, gracias a su creatividad mediante proyectos como \u201cViche Positivo\u201d, su reconocida marca de bebidas tradicionales del Pac\u00edfico, su casa hostal \u201cLa Bella Sof\u00eda\u00bb en Timbiqu\u00ed, y su Festival \u201cArrullo en el Barrio\u201d.<\/p>\n\n\n\n<p>Esta nueva gira de Nidia G\u00f3ngora por los Estados Unidos, cuenta con el apoyo de Iberm\u00fasicas y Mid Atlantic Arts.<\/p>\n\n\n\n<ul class=\"wp-block-list\">\n<li>S\u00e1bado 21 de marzo: Esperanza Center \u2013 Filadelfia \u2013 Pensilvania<\/li>\n\n\n\n<li>Lunes 23 de marzo: West Branch Consortium \u2013 Williamsport \u2013 Pensilvania<\/li>\n\n\n\n<li>Martes 24 de marzo: West Branch Consortium \u2013 Williamsport \u2013 Pensilvania<\/li>\n\n\n\n<li>Mi\u00e9rcoles 25 de marzo: West Branch Consortium \u2013 Williamsport \u2013 Pensilvania<\/li>\n\n\n\n<li>Jueves 26 de marzo: West Branch Consortium \u2013 Williamsport \u2013 Pensilvania<\/li>\n\n\n\n<li>Viernes 27 de marzo: West Branch Consortium \u2013 Williamsport \u2013 Pensilvania<\/li>\n\n\n\n<li>Domingo 29 de marzo: Flushing Town Hall \u2013 Queens \u2013 Nueva York<\/li>\n\n\n\n<li>Lunes 30 de marzo: Flushing Town Hall \u2013 Queens \u2013 Nueva York<\/li>\n\n\n\n<li>Martes 31 de marzo: Manny\u2019s \u2013 State College \u2013 Pensilvania<\/li>\n\n\n\n<li>Jueves 2 de abril: Musical Instrument Museum \u2013 Phoenix \u2013 Arizona<\/li>\n\n\n\n<li>Viernes 3 de abril: Winchester Dondero Center \u2013 Las Vegas \u2013 Nevada<\/li>\n\n\n\n<li>S\u00e1bado 4 de abril: Forbes Center \u2013 Harrisonburg \u2013 Virginia<\/li>\n\n\n\n<li>Domingo 5 de abril: Clement\u2019s Place \u2013 Newark \u2013 Nueva Jersey<\/li>\n\n\n\n<li>Lunes 6 de abril: Passim \u2013 Cambridge \u2013 Massachusetts<\/li>\n\n\n\n<li>Jueves 9 de abril: Lebanon Opera House \u2013 Lebanon \u2013 Nuevo Hampshire<\/li>\n\n\n\n<li>S\u00e1bado 11 de abril: Calliope \u2013 Pittsburgh \u2013 Pensilvania<\/li>\n\n\n\n<li>Mi\u00e9rcoles 15 de abril: Old Town \u2013 Chicago \u2013 Illinois<\/li>\n\n\n\n<li>Jueves 16 de abril: The Freighthouse \u2013 Ypsilanti \u2013 M\u00edchigan<\/li>\n\n\n\n<li>Viernes 17 de abril: The Freighthouse \u2013 Ypsilanti \u2013 M\u00edchigan<\/li>\n\n\n\n<li>Domingo 19 de abril: Radio East \u2013 Austin \u2013 Texas<\/li>\n<\/ul>\n\n\n\n<p>Jueves 23 de abril: JazzFest \u2013 Nueva Orleans \u2013 Luisiana<\/p>\n","protected":false},"excerpt":{"rendered":"<p>La Maestra Nidia G\u00f3ngora, es la cantora con mayor reconocimiento y una referente de la m\u00fasica del Pac\u00edfico colombiano. A lo largo de sus m\u00e1s de 25 a\u00f1os de experiencia como compositora e int\u00e9rprete, la Maestra Nidia ha logrado tender puentes entre la m\u00fasica tradicional de su natal Timbiqu\u00ed (Cauca) y otros g\u00e9neros de m\u00fasicas [&hellip;]<\/p>\n","protected":false},"author":7,"featured_media":27801,"comment_status":"closed","ping_status":"closed","sticky":false,"template":"","format":"standard","meta":{"_monsterinsights_skip_tracking":false,"_monsterinsights_sitenote_active":false,"_monsterinsights_sitenote_note":"","_monsterinsights_sitenote_category":0,"footnotes":""},"categories":[53],"tags":[],"class_list":["post-27800","post","type-post","status-publish","format-standard","has-post-thumbnail","hentry","category-noticias-generales"],"lang":"es","translations":{"es":27800,"pt":27803},"pll_sync_post":[],"post_mailing_queue_ids":[],"_links":{"self":[{"href":"https:\/\/www.ibermusicas.org\/index.php\/wp-json\/wp\/v2\/posts\/27800","targetHints":{"allow":["GET"]}}],"collection":[{"href":"https:\/\/www.ibermusicas.org\/index.php\/wp-json\/wp\/v2\/posts"}],"about":[{"href":"https:\/\/www.ibermusicas.org\/index.php\/wp-json\/wp\/v2\/types\/post"}],"author":[{"embeddable":true,"href":"https:\/\/www.ibermusicas.org\/index.php\/wp-json\/wp\/v2\/users\/7"}],"replies":[{"embeddable":true,"href":"https:\/\/www.ibermusicas.org\/index.php\/wp-json\/wp\/v2\/comments?post=27800"}],"version-history":[{"count":1,"href":"https:\/\/www.ibermusicas.org\/index.php\/wp-json\/wp\/v2\/posts\/27800\/revisions"}],"predecessor-version":[{"id":27802,"href":"https:\/\/www.ibermusicas.org\/index.php\/wp-json\/wp\/v2\/posts\/27800\/revisions\/27802"}],"wp:featuredmedia":[{"embeddable":true,"href":"https:\/\/www.ibermusicas.org\/index.php\/wp-json\/wp\/v2\/media\/27801"}],"wp:attachment":[{"href":"https:\/\/www.ibermusicas.org\/index.php\/wp-json\/wp\/v2\/media?parent=27800"}],"wp:term":[{"taxonomy":"category","embeddable":true,"href":"https:\/\/www.ibermusicas.org\/index.php\/wp-json\/wp\/v2\/categories?post=27800"},{"taxonomy":"post_tag","embeddable":true,"href":"https:\/\/www.ibermusicas.org\/index.php\/wp-json\/wp\/v2\/tags?post=27800"}],"curies":[{"name":"wp","href":"https:\/\/api.w.org\/{rel}","templated":true}]}}