{"id":27803,"date":"2026-03-12T18:22:51","date_gmt":"2026-03-12T18:22:51","guid":{"rendered":"https:\/\/www.ibermusicas.org\/?p=27803"},"modified":"2026-03-30T18:28:53","modified_gmt":"2026-03-30T18:28:53","slug":"a-grande-mestra-nidia-gongora-guardia-da-tradicao-do-pacifico-sul-colombiano-realiza-uma-nova-turne-pelos-estados-unidos","status":"publish","type":"post","link":"https:\/\/www.ibermusicas.org\/index.php\/a-grande-mestra-nidia-gongora-guardia-da-tradicao-do-pacifico-sul-colombiano-realiza-uma-nova-turne-pelos-estados-unidos\/","title":{"rendered":"A grande mestra Nidia G\u00f3ngora, guardi\u00e3 da tradi\u00e7\u00e3o do Pac\u00edfico sul colombiano, realiza uma nova turn\u00ea pelos Estados Unidos"},"content":{"rendered":"\n<p>A Mestra Nidia G\u00f3ngora \u00e9 a cantora de maior reconhecimento e uma refer\u00eancia da m\u00fasica do Pac\u00edfico colombiano. Ao longo de seus mais de 25 anos de experi\u00eancia como compositora e int\u00e9rprete, a Mestra Nidia tem conseguido construir pontes entre a m\u00fasica tradicional de sua cidade natal, Timbiqu\u00ed (Cauca), e outros g\u00eaneros das m\u00fasicas do mundo.<\/p>\n\n\n\n<p>\u00c9 a grande portadora da tradi\u00e7\u00e3o inata herdada de seus mais velhos: sua m\u00e3e, a matriarca Libia Oliva Bonilla; sua professora Elizabeth Sinisterra; seu pai, Isaac G\u00f3ngora; e os cantores e cantoras de refer\u00eancia de sua comunidade.<\/p>\n\n\n\n<p>Diretora, fundadora e voz principal do grupo musical Canal\u00f3n de Timbiqu\u00ed, que venceu em diversas ocasi\u00f5es o Festival de M\u00fasica do Pac\u00edfico \u201cPetronio \u00c1lvarez\u201d, eternizando sua voz em hinos do Pac\u00edfico colombiano. Sua versatilidade a consolidou como refer\u00eancia tanto entre comunidades de m\u00fasicos tradicionais quanto na cena afrolatina, levando-a a se apresentar em in\u00fameros palcos internacionais na Europa, \u00c1sia e Estados Unidos. Recentemente, recebeu reconhecimento como uma das 100 novas lideran\u00e7as da Col\u00f4mbia pelo Grupo Prisa e pela Caracol Radio.<\/p>\n\n\n\n<p>Em 2023, o Minist\u00e9rio do Meio Ambiente da Col\u00f4mbia e o Parques Nacionales de Colombia batizaram uma esp\u00e9cie de orqu\u00eddea descoberta nos Farallones de Cali com o nome de Lepanthes nidiagongorana, em homenagem a essa mulher que dedicou sua vida \u00e0 salvaguarda e \u00e0 promo\u00e7\u00e3o dos cantos tradicionais do Pac\u00edfico.<\/p>\n\n\n\n<p>\u00c9 licenciada em Educa\u00e7\u00e3o Infantil, cantora e pesquisadora da m\u00fasica tradicional do Pac\u00edfico sul colombiano. H\u00e1 12 anos desenvolve um trabalho permanente de forma\u00e7\u00e3o musical com crian\u00e7as em contextos escolares e comunit\u00e1rios em \u00e1reas rurais e urbanas do Cauca e do Valle del Cauca, por meio da Funda\u00e7\u00e3o Escuela Canal\u00f3n, um projeto que resgata e preserva os valores da identidade cultural da regi\u00e3o.<\/p>\n\n\n\n<p>Nidia G\u00f3ngora tamb\u00e9m \u00e9 empres\u00e1ria e ativista, reconhecida como uma das mulheres l\u00edderes e empreendedoras da regi\u00e3o, gra\u00e7as \u00e0 sua criatividade em projetos como \u201cViche Positivo\u201d, sua reconhecida marca de bebidas tradicionais do Pac\u00edfico; sua casa-hostel \u201cLa Bella Sof\u00eda\u201d, em Timbiqu\u00ed; e o festival \u201cArrullo en el Barrio\u201d.<\/p>\n\n\n\n<p>Esta nova turn\u00ea de Nidia G\u00f3ngora pelos Estados Unidos conta com o apoio do Iberm\u00fasicas e do Mid Atlantic Arts.<\/p>\n\n\n\n<ul class=\"wp-block-list\">\n<li>S\u00e1bado 21 de mar\u00e7o: Esperanza Center \u2013 Filad\u00e9lfia \u2013 Pensilv\u00e2nia<\/li>\n\n\n\n<li>Segunda-feira 23 de mar\u00e7o: West Branch Consortium \u2013 Williamsport \u2013 Pensilv\u00e2nia<\/li>\n\n\n\n<li>Ter\u00e7a-feira 24 de mar\u00e7o: West Branch Consortium \u2013 Williamsport \u2013 Pensilv\u00e2nia<\/li>\n\n\n\n<li>Quarta-feira 25 de mar\u00e7o: West Branch Consortium \u2013 Williamsport \u2013 Pensilv\u00e2nia<\/li>\n\n\n\n<li>Quinta-feira 26 de mar\u00e7o: West Branch Consortium \u2013 Williamsport \u2013 Pensilv\u00e2nia<\/li>\n\n\n\n<li>Sexta-feira 27 de mar\u00e7o: West Branch Consortium \u2013 Williamsport \u2013 Pensilv\u00e2nia<\/li>\n\n\n\n<li>Domingo 29 de mar\u00e7o: Flushing Town Hall \u2013 Queens \u2013 Nova York<\/li>\n\n\n\n<li>Segunda-feira 30 de mar\u00e7o: Flushing Town Hall \u2013 Queens \u2013 Nova York<\/li>\n\n\n\n<li>Ter\u00e7a-feira 31 de mar\u00e7o: Manny\u2019s \u2013 State College \u2013 Pensilv\u00e2nia<\/li>\n\n\n\n<li>Quinta-feira 2 de abril: Musical Instrument Museum \u2013 Phoenix \u2013 Arizona<\/li>\n\n\n\n<li>Sexta-feira 3 de abril: Winchester Dondero Center \u2013 Las Vegas \u2013 Nevada<\/li>\n\n\n\n<li>S\u00e1bado 4 de abril: Forbes Center \u2013 Harrisonburg \u2013 Virg\u00ednia<\/li>\n\n\n\n<li>Domingo 5 de abril: Clement\u2019s Place \u2013 Newark \u2013 Nova Jersey<\/li>\n\n\n\n<li>Segunda-feira 6 de abril: Passim \u2013 Cambridge \u2013 Massachusetts<\/li>\n\n\n\n<li>Quinta-feira 9 de abril: Lebanon Opera House \u2013 Lebanon \u2013 Nova Hampshire<\/li>\n\n\n\n<li>S\u00e1bado 11 de abril: Calliope \u2013 Pittsburgh \u2013 Pensilv\u00e2nia<\/li>\n\n\n\n<li>Quarta-feira 15 de abril: Old Town \u2013 Chicago \u2013 Illinois<\/li>\n\n\n\n<li>Quinta-feira 16 de abril: The Freighthouse \u2013 Ypsilanti \u2013 Michigan<\/li>\n\n\n\n<li>Sexta-feira 17 de abril: The Freighthouse \u2013 Ypsilanti \u2013 Michigan<\/li>\n\n\n\n<li>Domingo 19 de abril: Radio East \u2013 Austin \u2013 Texas<\/li>\n\n\n\n<li>Quinta-feira 23 de abril: JazzFest \u2013 Nova Orleans \u2013 Luisiana<\/li>\n<\/ul>\n\n\n\n<p><\/p>\n","protected":false},"excerpt":{"rendered":"<p>A Mestra Nidia G\u00f3ngora \u00e9 a cantora de maior reconhecimento e uma refer\u00eancia da m\u00fasica do Pac\u00edfico colombiano. Ao longo de seus mais de 25 anos de experi\u00eancia como compositora e int\u00e9rprete, a Mestra Nidia tem conseguido construir pontes entre a m\u00fasica tradicional de sua cidade natal, Timbiqu\u00ed (Cauca), e outros g\u00eaneros das m\u00fasicas do [&hellip;]<\/p>\n","protected":false},"author":7,"featured_media":27801,"comment_status":"closed","ping_status":"closed","sticky":false,"template":"","format":"standard","meta":{"_monsterinsights_skip_tracking":false,"_monsterinsights_sitenote_active":false,"_monsterinsights_sitenote_note":"","_monsterinsights_sitenote_category":0,"footnotes":""},"categories":[218],"tags":[],"class_list":["post-27803","post","type-post","status-publish","format-standard","has-post-thumbnail","hentry","category-noticias-generales-pt"],"lang":"pt","translations":{"pt":27803,"es":27800},"pll_sync_post":[],"post_mailing_queue_ids":[],"_links":{"self":[{"href":"https:\/\/www.ibermusicas.org\/index.php\/wp-json\/wp\/v2\/posts\/27803","targetHints":{"allow":["GET"]}}],"collection":[{"href":"https:\/\/www.ibermusicas.org\/index.php\/wp-json\/wp\/v2\/posts"}],"about":[{"href":"https:\/\/www.ibermusicas.org\/index.php\/wp-json\/wp\/v2\/types\/post"}],"author":[{"embeddable":true,"href":"https:\/\/www.ibermusicas.org\/index.php\/wp-json\/wp\/v2\/users\/7"}],"replies":[{"embeddable":true,"href":"https:\/\/www.ibermusicas.org\/index.php\/wp-json\/wp\/v2\/comments?post=27803"}],"version-history":[{"count":2,"href":"https:\/\/www.ibermusicas.org\/index.php\/wp-json\/wp\/v2\/posts\/27803\/revisions"}],"predecessor-version":[{"id":27805,"href":"https:\/\/www.ibermusicas.org\/index.php\/wp-json\/wp\/v2\/posts\/27803\/revisions\/27805"}],"wp:featuredmedia":[{"embeddable":true,"href":"https:\/\/www.ibermusicas.org\/index.php\/wp-json\/wp\/v2\/media\/27801"}],"wp:attachment":[{"href":"https:\/\/www.ibermusicas.org\/index.php\/wp-json\/wp\/v2\/media?parent=27803"}],"wp:term":[{"taxonomy":"category","embeddable":true,"href":"https:\/\/www.ibermusicas.org\/index.php\/wp-json\/wp\/v2\/categories?post=27803"},{"taxonomy":"post_tag","embeddable":true,"href":"https:\/\/www.ibermusicas.org\/index.php\/wp-json\/wp\/v2\/tags?post=27803"}],"curies":[{"name":"wp","href":"https:\/\/api.w.org\/{rel}","templated":true}]}}