{"id":27806,"date":"2026-03-12T18:24:24","date_gmt":"2026-03-12T18:24:24","guid":{"rendered":"https:\/\/www.ibermusicas.org\/?p=27806"},"modified":"2026-03-30T18:27:03","modified_gmt":"2026-03-30T18:27:03","slug":"se-presenta-encuentro-en-buenos-aires-el-maravilloso-trabajo-de-piano-a-cuatro-a-mano-de-edith-fischer-chile-y-jose-luis-juri-argentina","status":"publish","type":"post","link":"https:\/\/www.ibermusicas.org\/index.php\/se-presenta-encuentro-en-buenos-aires-el-maravilloso-trabajo-de-piano-a-cuatro-a-mano-de-edith-fischer-chile-y-jose-luis-juri-argentina\/","title":{"rendered":"Se presenta \u201cEncuentro en Buenos Aires\u201d el maravilloso trabajo de piano a cuatro a mano de Edith Fischer (Chile) y Jos\u00e9 Luis Juri (Argentina)"},"content":{"rendered":"\n<p>Este proyecto documenta el primer encuentro discogr\u00e1fico a cuatro manos entre Jos\u00e9 Luis Juri y Edith Fischer testimoniando la grabaci\u00f3n del \u00e1lbum recientemente realizada en Buenos Aires y que ser\u00e1 editado por el sello Virtuoso y distribuido por Naxos con el siguiente repertorio:<\/p>\n\n\n\n<ul class=\"wp-block-list\">\n<li>6 ep\u00edgrafes Antiguos, Claude Debussy<\/li>\n\n\n\n<li>Fantas\u00eda en Fa Menor, Franz Schubert<\/li>\n\n\n\n<li>\u00abl&#8217;ile Joyeuse\u00bb, Claude Debussy<\/li>\n\n\n\n<li>2 Mazurkas, Frederic Chopin<\/li>\n<\/ul>\n\n\n\n<p><strong>Edith Fischer <\/strong>naci\u00f3 en 1935 en Santiago de Chile dentro de una familia de conocidos m\u00fasicos. Como ni\u00f1a prodigio, sus numerosas actuaciones en recitales y en m\u00fasica de c\u00e1mara culminan a los doce a\u00f1os interpretando el concierto KV453 de Mozart con la Orquesta Sinf\u00f3nica de Chile bajo la direcci\u00f3n del c\u00e9lebre maestro Hermann Scherchen.<\/p>\n\n\n\n<p>Las recomendaciones entusiastas de personalidades como Ormandy, Busch y Kleiber le permitieron obtener una beca de EEUU para viajar a Nueva York donde form\u00f3 parte del reducido grupo de disc\u00edpulos que su compatriota, el gran maestro Claudio Arrau.<\/p>\n\n\n\n<p>Atra\u00edda por Europa, fue galardonada con los premios Dinu Lipatti en Londres y el primer premio en el Concurso Internacional de M\u00fanich. Sus actividades se extendieron a Am\u00e9rica del Norte, Am\u00e9rica del Sur y Asia, como solista con las mejores orquestas y directores, en recitales, m\u00fasica de c\u00e1mara, grabaciones y master classes.<\/p>\n\n\n\n<p>En 1989 cre\u00f3 el&nbsp;Festival \u201c<a href=\"http:\/\/www.sipiano.com\/\">Semaine Internationale de Piano de Blonay-St.-L\u00e9gier\u201d&nbsp;<\/a>&nbsp;en Suiza y el&nbsp;\u00abCours international\u00bb&nbsp;que se realiza simult\u00e1neamente.<\/p>\n\n\n\n<p>Su repertorio, reuniendo compositores de todas las \u00e9pocas, incluye entre muchas obras la integral de las sonatas de Beethoven, la obra completa de Ravel, as\u00ed como obras contempor\u00e1neas.<\/p>\n\n\n\n<p><strong>Jos\u00e9 Luis Juri <\/strong>naci\u00f3 en Buenos Aires, Argentina, comenz\u00f3 sus estudios musicales a la edad de 4 a\u00f1os. Estudi\u00f3 con Irene Saralegui, Cristins Kofoed, Juan Carlos Arabi\u00e1n , Elsa Berner, Juan Francisco GIaccobbe, Angel Lasala, y otros grandes m\u00fasicos argentinos.<\/p>\n\n\n\n<p>Radicado en Italia, estudi\u00f3 en la Accademia Chigiana di Siena con Paul Badura Skoda y Rudolf Buchsbinder y luego&nbsp; se perfeccion\u00f3 en Suiza con Edith Fischer durante 4 a\u00f1os.<\/p>\n\n\n\n<p>Desarrolla una intensa actividad concert\u00edstica en m\u00e1s de 15 pa\u00edses. Se puede destacar su actuaci\u00f3n en Italia: Teatro alla Scala di Milano, Festivales de Savona y Chiavari, RAI, Suiza: Festival de Blonay y Radio de la Suisse Romande, Espa\u00f1a: Orquesta de Alcal\u00e1 de Henares, Egipto: Opera de El Cairo y Opera de Alejandr\u00eda, Tunez: Festival de Cartago,&nbsp; M\u00e9xico: Teatro de las Bellas Artes y Festival Cervantino, Cuba: Gran teatro de La Habana, Brasil : Memorial de America Latina, Uruguay: teatro Solis, y en Argentina: Teatro Col\u00f3n de Buenos Aires, Mozarteum argentino, CCK, y en los principales teatros y festivales del pa\u00eds.<\/p>\n\n\n\n<p>Ha grabado para los Sellos: New Day de Italia, y en Argentina: los sellos Tradition y Virtuoso Records y ha sido condecorado Cavaliere della Repubblica italiana.<\/p>\n\n\n\n<p>Es profesor en la UNA: Universidad Nacional de las Artes, en el Conservatorio de la Ciudad de Buenos Aires, y en el ISA: Instituto Superior de Arte del Teatro Col\u00f3n. Es director art\u00edstico del EPI: Encuentros de piano internacionales, desde hace 13 a\u00f1os.<\/p>\n\n\n\n<p>\u201cEncuentro en Buenos Aires\u201d ser\u00e1 editado por Virtuoso Records y distribuido internacionalmente por Naxos. Estar\u00e1 disponible en todas las plataformas digitales.<\/p>\n\n\n\n<p>Esta producci\u00f3n discogr\u00e1fica y documental es posible gracias al apoyo del Programa Iberm\u00fasicas a trav\u00e9s de su l\u00ednea de Ayuda a proyectos virtuales, convocatoria 2025.<\/p>\n\n\n\n<ul class=\"wp-block-list\">\n<li>Lanzamiento: 27 de marzo<\/li>\n<\/ul>\n","protected":false},"excerpt":{"rendered":"<p>Este proyecto documenta el primer encuentro discogr\u00e1fico a cuatro manos entre Jos\u00e9 Luis Juri y Edith Fischer testimoniando la grabaci\u00f3n del \u00e1lbum recientemente realizada en Buenos Aires y que ser\u00e1 editado por el sello Virtuoso y distribuido por Naxos con el siguiente repertorio: Edith Fischer naci\u00f3 en 1935 en Santiago de Chile dentro de una [&hellip;]<\/p>\n","protected":false},"author":7,"featured_media":27807,"comment_status":"closed","ping_status":"closed","sticky":false,"template":"","format":"standard","meta":{"_monsterinsights_skip_tracking":false,"_monsterinsights_sitenote_active":false,"_monsterinsights_sitenote_note":"","_monsterinsights_sitenote_category":0,"footnotes":""},"categories":[53],"tags":[],"class_list":["post-27806","post","type-post","status-publish","format-standard","has-post-thumbnail","hentry","category-noticias-generales"],"lang":"es","translations":{"es":27806,"pt":27809},"pll_sync_post":[],"post_mailing_queue_ids":[],"_links":{"self":[{"href":"https:\/\/www.ibermusicas.org\/index.php\/wp-json\/wp\/v2\/posts\/27806","targetHints":{"allow":["GET"]}}],"collection":[{"href":"https:\/\/www.ibermusicas.org\/index.php\/wp-json\/wp\/v2\/posts"}],"about":[{"href":"https:\/\/www.ibermusicas.org\/index.php\/wp-json\/wp\/v2\/types\/post"}],"author":[{"embeddable":true,"href":"https:\/\/www.ibermusicas.org\/index.php\/wp-json\/wp\/v2\/users\/7"}],"replies":[{"embeddable":true,"href":"https:\/\/www.ibermusicas.org\/index.php\/wp-json\/wp\/v2\/comments?post=27806"}],"version-history":[{"count":1,"href":"https:\/\/www.ibermusicas.org\/index.php\/wp-json\/wp\/v2\/posts\/27806\/revisions"}],"predecessor-version":[{"id":27808,"href":"https:\/\/www.ibermusicas.org\/index.php\/wp-json\/wp\/v2\/posts\/27806\/revisions\/27808"}],"wp:featuredmedia":[{"embeddable":true,"href":"https:\/\/www.ibermusicas.org\/index.php\/wp-json\/wp\/v2\/media\/27807"}],"wp:attachment":[{"href":"https:\/\/www.ibermusicas.org\/index.php\/wp-json\/wp\/v2\/media?parent=27806"}],"wp:term":[{"taxonomy":"category","embeddable":true,"href":"https:\/\/www.ibermusicas.org\/index.php\/wp-json\/wp\/v2\/categories?post=27806"},{"taxonomy":"post_tag","embeddable":true,"href":"https:\/\/www.ibermusicas.org\/index.php\/wp-json\/wp\/v2\/tags?post=27806"}],"curies":[{"name":"wp","href":"https:\/\/api.w.org\/{rel}","templated":true}]}}