{"id":27809,"date":"2026-03-12T18:27:05","date_gmt":"2026-03-12T18:27:05","guid":{"rendered":"https:\/\/www.ibermusicas.org\/?p=27809"},"modified":"2026-03-30T18:28:47","modified_gmt":"2026-03-30T18:28:47","slug":"apresenta-se-encuentro-en-buenos-aires-o-maravilhoso-trabalho-de-piano-a-quatro-maos-de-edith-fischer-chile-e-jose-luis-juri-argentina","status":"publish","type":"post","link":"https:\/\/www.ibermusicas.org\/index.php\/apresenta-se-encuentro-en-buenos-aires-o-maravilhoso-trabalho-de-piano-a-quatro-maos-de-edith-fischer-chile-e-jose-luis-juri-argentina\/","title":{"rendered":"Apresenta-se \u201cEncuentro en Buenos Aires\u201d o maravilhoso trabalho de piano a quatro m\u00e3os de Edith Fischer (Chile) e Jos\u00e9 Luis Juri (Argentina)"},"content":{"rendered":"\n<p>Este projeto documenta o primeiro encontro discogr\u00e1fico a quatro m\u00e3os entre Jos\u00e9 Luis Juri e Edith Fischer, registrando a grava\u00e7\u00e3o do \u00e1lbum recentemente realizada em Buenos Aires, que ser\u00e1 lan\u00e7ado pelo selo Virtuoso e distribu\u00eddo pela Naxos, com o seguinte repert\u00f3rio:<\/p>\n\n\n\n<ul class=\"wp-block-list\">\n<li>6 \u00c9pigraphes Antiques \u2013 Claude Debussy<\/li>\n\n\n\n<li>Fantasia em f\u00e1 menor \u2013 Franz Schubert<\/li>\n\n\n\n<li>L\u2019Isle joyeuse \u2013 Claude Debussy<\/li>\n\n\n\n<li>2 Mazurcas \u2013 Fr\u00e9d\u00e9ric Chopin<\/li>\n<\/ul>\n\n\n\n<p><strong>Edith Fischer <\/strong>nasceu em 1935, em Santiago do Chile, no seio de uma fam\u00edlia de m\u00fasicos reconhecidos. Como crian\u00e7a prod\u00edgio, suas numerosas apresenta\u00e7\u00f5es em recitais e m\u00fasica de c\u00e2mara culminaram, aos doze anos, com a interpreta\u00e7\u00e3o do Concerto KV 453, de Mozart, com a Orquestra Sinf\u00f4nica do Chile, sob a reg\u00eancia do c\u00e9lebre maestro Hermann Scherchen.<\/p>\n\n\n\n<p>As recomenda\u00e7\u00f5es entusi\u00e1sticas de personalidades como Ormandy, Busch e Kleiber permitiram-lhe obter uma bolsa dos Estados Unidos para viajar a Nova York, onde integrou o seleto grupo de disc\u00edpulos de seu compatriota, o grande mestre Claudio Arrau.<\/p>\n\n\n\n<p>Atra\u00edda pela Europa, foi laureada com o Pr\u00eamio Dinu Lipatti, em Londres, e com o primeiro pr\u00eamio no Concurso Internacional de Munique. Suas atividades estenderam-se \u00e0 Am\u00e9rica do Norte, Am\u00e9rica do Sul e \u00c1sia, atuando como solista com as principais orquestras e maestros, em recitais, m\u00fasica de c\u00e2mara, grava\u00e7\u00f5es e masterclasses.<\/p>\n\n\n\n<p>Em 1989 criou o festival \u201cSemaine Internationale de Piano de Blonay-St.-L\u00e9gier\u201d, na Su\u00ed\u00e7a, juntamente com o \u201cCours international\u201d, realizado simultaneamente.<\/p>\n\n\n\n<p>Seu repert\u00f3rio, reunindo compositores de todas as \u00e9pocas, inclui, entre muitas obras, a integral das sonatas de Beethoven, a obra completa de Ravel, bem como obras contempor\u00e2neas.<\/p>\n\n\n\n<p><strong>Jos\u00e9 Luis Juri<\/strong> nasceu em Buenos Aires, Argentina, e iniciou seus estudos musicais aos quatro anos de idade. Estudou com Irene Saralegui, Cristina Kofoed, Juan Carlos Arabi\u00e1n, Elsa Berner, Juan Francisco Giacobbe, \u00c1ngel Lasala e outros grandes m\u00fasicos argentinos.<\/p>\n\n\n\n<p>Radicado na It\u00e1lia, estudou na Accademia Chigiana de Siena com Paul Badura-Skoda e Rudolf Buchbinder, e posteriormente aperfei\u00e7oou-se na Su\u00ed\u00e7a com Edith Fischer durante quatro anos.<\/p>\n\n\n\n<p>Desenvolve intensa atividade concert\u00edstica em mais de quinze pa\u00edses. Destacam-se suas apresenta\u00e7\u00f5es na It\u00e1lia (Teatro alla Scala de Mil\u00e3o, Festivais de Savona e Chiavari, RAI); na Su\u00ed\u00e7a (Festival de Blonay e Radio de la Suisse Romande); na Espanha (Orquestra de Alcal\u00e1 de Henares); no Egito (\u00d3pera do Cairo e \u00d3pera de Alexandria); na Tun\u00edsia (Festival de Cartago); no M\u00e9xico (Pal\u00e1cio de Belas Artes e Festival Cervantino); em Cuba (Gran Teatro de La Habana); no Brasil (Memorial da Am\u00e9rica Latina); no Uruguai (Teatro Sol\u00eds); e na Argentina (Teatro Col\u00f3n de Buenos Aires, Mozarteum Argentino, CCK), al\u00e9m dos principais teatros e festivais do pa\u00eds.<\/p>\n\n\n\n<p>Gravou para o selo italiano New Day e, na Argentina, para os selos Tradition e Virtuoso Records, tendo sido condecorado Cavaliere della Repubblica Italiana.<\/p>\n\n\n\n<p>\u00c9 professor na UNA \u2013 Universidad Nacional de las Artes, no Conservat\u00f3rio da Cidade de Buenos Aires e no ISA \u2013 Instituto Superior de Arte do Teatro Col\u00f3n. H\u00e1 treze anos \u00e9 diretor art\u00edstico do EPI \u2013 Encontros Internacionais de Piano.<\/p>\n\n\n\n<p>\u201cEncuentro en Buenos Aires\u201d ser\u00e1 editado pela Virtuoso Records e distribu\u00eddo pela Naxos internacionalmente. Estar\u00e1 dispon\u00edvel em todas as plataformas digitais.<\/p>\n\n\n\n<p>Esta produ\u00e7\u00e3o discogr\u00e1fica e documental \u00e9 poss\u00edvel gra\u00e7as ao apoio do Programa Iberm\u00fasicas, por meio de sua linha de Apoio a Projetos Virtuais, convocat\u00f3ria 2025.<\/p>\n\n\n\n<ul class=\"wp-block-list\">\n<li>Lan\u00e7amento: 27 de mar\u00e7o<\/li>\n<\/ul>\n\n\n\n<p><\/p>\n","protected":false},"excerpt":{"rendered":"<p>Este projeto documenta o primeiro encontro discogr\u00e1fico a quatro m\u00e3os entre Jos\u00e9 Luis Juri e Edith Fischer, registrando a grava\u00e7\u00e3o do \u00e1lbum recentemente realizada em Buenos Aires, que ser\u00e1 lan\u00e7ado pelo selo Virtuoso e distribu\u00eddo pela Naxos, com o seguinte repert\u00f3rio: Edith Fischer nasceu em 1935, em Santiago do Chile, no seio de uma fam\u00edlia [&hellip;]<\/p>\n","protected":false},"author":7,"featured_media":27807,"comment_status":"closed","ping_status":"closed","sticky":false,"template":"","format":"standard","meta":{"_monsterinsights_skip_tracking":false,"_monsterinsights_sitenote_active":false,"_monsterinsights_sitenote_note":"","_monsterinsights_sitenote_category":0,"footnotes":""},"categories":[218],"tags":[],"class_list":["post-27809","post","type-post","status-publish","format-standard","has-post-thumbnail","hentry","category-noticias-generales-pt"],"lang":"pt","translations":{"pt":27809,"es":27806},"pll_sync_post":[],"post_mailing_queue_ids":[],"_links":{"self":[{"href":"https:\/\/www.ibermusicas.org\/index.php\/wp-json\/wp\/v2\/posts\/27809","targetHints":{"allow":["GET"]}}],"collection":[{"href":"https:\/\/www.ibermusicas.org\/index.php\/wp-json\/wp\/v2\/posts"}],"about":[{"href":"https:\/\/www.ibermusicas.org\/index.php\/wp-json\/wp\/v2\/types\/post"}],"author":[{"embeddable":true,"href":"https:\/\/www.ibermusicas.org\/index.php\/wp-json\/wp\/v2\/users\/7"}],"replies":[{"embeddable":true,"href":"https:\/\/www.ibermusicas.org\/index.php\/wp-json\/wp\/v2\/comments?post=27809"}],"version-history":[{"count":2,"href":"https:\/\/www.ibermusicas.org\/index.php\/wp-json\/wp\/v2\/posts\/27809\/revisions"}],"predecessor-version":[{"id":27811,"href":"https:\/\/www.ibermusicas.org\/index.php\/wp-json\/wp\/v2\/posts\/27809\/revisions\/27811"}],"wp:featuredmedia":[{"embeddable":true,"href":"https:\/\/www.ibermusicas.org\/index.php\/wp-json\/wp\/v2\/media\/27807"}],"wp:attachment":[{"href":"https:\/\/www.ibermusicas.org\/index.php\/wp-json\/wp\/v2\/media?parent=27809"}],"wp:term":[{"taxonomy":"category","embeddable":true,"href":"https:\/\/www.ibermusicas.org\/index.php\/wp-json\/wp\/v2\/categories?post=27809"},{"taxonomy":"post_tag","embeddable":true,"href":"https:\/\/www.ibermusicas.org\/index.php\/wp-json\/wp\/v2\/tags?post=27809"}],"curies":[{"name":"wp","href":"https:\/\/api.w.org\/{rel}","templated":true}]}}