{"id":27812,"date":"2026-03-12T18:28:04","date_gmt":"2026-03-12T18:28:04","guid":{"rendered":"https:\/\/www.ibermusicas.org\/?p=27812"},"modified":"2026-03-12T18:28:06","modified_gmt":"2026-03-12T18:28:06","slug":"llega-el-22-o-festival-internacional-de-choro-de-paris","status":"publish","type":"post","link":"https:\/\/www.ibermusicas.org\/index.php\/llega-el-22-o-festival-internacional-de-choro-de-paris\/","title":{"rendered":"Llega el 22.\u00ba Festival Internacional de Choro de Par\u00eds"},"content":{"rendered":"\n<p>El 22.\u00ba Festival Internacional de Choro de Par\u00eds se llevar\u00e1 a cabo en la Maison du Br\u00e9sil (Cit\u00e9 Universitaire, Par\u00eds, distrito 14), manteniendo la continuidad de este evento, creado y dirigido por la pianista franco-brasile\u00f1a Maria In\u00eas Guimar\u00e3es. El festival es reconocido por su alta calidad por parte de las autoridades culturales y diplom\u00e1ticas de Brasil en Francia, y presenta a destacados m\u00fasicos de todo Brasil y del mundo en el escenario de la Maison du Br\u00e9sil, en Par\u00eds.<\/p>\n\n\n\n<p>El evento cuenta con 6 conciertos y 12 talleres instrumentales para j\u00f3venes y adultos: cavaquinho, pandeiro, guitarra de 7 cuerdas, piano, cuerdas, vientos, clases de improvisaci\u00f3n, de composici\u00f3n y de pr\u00e1ctica de conjunto. Adem\u00e1s, se realizan diversas rodas de choro, encuentros, conferencias, exposici\u00f3n de fotograf\u00edas, venta y distribuci\u00f3n gratuita de partituras, CDs, revistas y libros.<\/p>\n\n\n\n<p>El Festival Internacional de Choro de Par\u00eds comenz\u00f3 en 2005, creando un escenario para que el p\u00fablico franc\u00e9s apasionado pudiera ver a los mayores artistas brasile\u00f1os del g\u00e9nero. El festival abre constantemente puertas, posibilitando que los m\u00fasicos que llegan y participan tengan la oportunidad de tocar en diversas ciudades francesas y en otros centros europeos como Londres, Berl\u00edn, Colonia, Lisboa, Madrid, Roma y Mil\u00e1n.<\/p>\n\n\n\n<p>A lo largo de 21 ediciones, el Festival de Choro de Par\u00eds ha acogido a m\u00fasicos como Paulo Moura, Yamandu Costa, N\u00f3 em Pingo d\u2019\u00c1gua, Reco do Bandolim y el grupo Choro Livre, Juarez Moreira, Ra\u00efssa Anast\u00e1sia, Toca de Tatu, Murmurando y Adelson Viana, Alexandre Rodrigues, Choro e Seresta, Matheus Donato y La\u00eds Sandy, Adriana Arnaud, Roee Ben Sira, O Mercado do Choro, Yotam Silberstein, Trio Bola Preta, Daniela Rezende, Quatro a Zero, Trio Carioca (Maur\u00edcio Carrilho, Paulo Arag\u00e3o, Pedro Paes), Trio Madeira Brasil, Aur\u00e9lie &amp; V\u00e9rioca, Carlinhos Patriolino, Assanhado Quarteto, Claire Luzi y Cristiano Nascimento, entre muchos otros.<\/p>\n\n\n\n<p>El festival cuenta con la colaboraci\u00f3n del Club de Choro de Par\u00eds (CCP) y de Cebramusik, y con el apoyo de la Embajada de Brasil en Francia y de la Maison du Br\u00e9sil.<\/p>\n\n\n\n<p>En la convocatoria 2025 del Programa Iberm\u00fasicas, recibi\u00f3 el Premio Especial Brasil\/Iberm\u00fasicas, otorgado por la FUNARTE (Fundaci\u00f3n Nacional de las Artes) de Brasil. Se trata de un premio a la trayectoria concedido por la m\u00e1s alta instituci\u00f3n gubernamental de cultura del pa\u00eds de origen del choro. Este premio especial del Programa Iberm\u00fasicas, en colaboraci\u00f3n directa con la FUNARTE, tiene como objetivo mapear y, al mismo tiempo, reconocer las iniciativas dedicadas a la difusi\u00f3n, investigaci\u00f3n y ense\u00f1anza de la m\u00fasica brasile\u00f1a en cualquier parte del mundo y fuera del territorio nacional.<\/p>\n\n\n\n<ul class=\"wp-block-list\">\n<li>27 al 29 de marzo, Maison du Br\u00e9sil, Ciudad Universitaria, distrito 14, Par\u00eds, Francia<\/li>\n<\/ul>\n","protected":false},"excerpt":{"rendered":"<p>El 22.\u00ba Festival Internacional de Choro de Par\u00eds se llevar\u00e1 a cabo en la Maison du Br\u00e9sil (Cit\u00e9 Universitaire, Par\u00eds, distrito 14), manteniendo la continuidad de este evento, creado y dirigido por la pianista franco-brasile\u00f1a Maria In\u00eas Guimar\u00e3es. El festival es reconocido por su alta calidad por parte de las autoridades culturales y diplom\u00e1ticas de [&hellip;]<\/p>\n","protected":false},"author":7,"featured_media":27813,"comment_status":"closed","ping_status":"closed","sticky":false,"template":"","format":"standard","meta":{"_monsterinsights_skip_tracking":false,"_monsterinsights_sitenote_active":false,"_monsterinsights_sitenote_note":"","_monsterinsights_sitenote_category":0,"footnotes":""},"categories":[53],"tags":[],"class_list":["post-27812","post","type-post","status-publish","format-standard","has-post-thumbnail","hentry","category-noticias-generales"],"lang":"es","translations":{"es":27812,"pt":27815},"pll_sync_post":[],"post_mailing_queue_ids":[],"_links":{"self":[{"href":"https:\/\/www.ibermusicas.org\/index.php\/wp-json\/wp\/v2\/posts\/27812","targetHints":{"allow":["GET"]}}],"collection":[{"href":"https:\/\/www.ibermusicas.org\/index.php\/wp-json\/wp\/v2\/posts"}],"about":[{"href":"https:\/\/www.ibermusicas.org\/index.php\/wp-json\/wp\/v2\/types\/post"}],"author":[{"embeddable":true,"href":"https:\/\/www.ibermusicas.org\/index.php\/wp-json\/wp\/v2\/users\/7"}],"replies":[{"embeddable":true,"href":"https:\/\/www.ibermusicas.org\/index.php\/wp-json\/wp\/v2\/comments?post=27812"}],"version-history":[{"count":1,"href":"https:\/\/www.ibermusicas.org\/index.php\/wp-json\/wp\/v2\/posts\/27812\/revisions"}],"predecessor-version":[{"id":27814,"href":"https:\/\/www.ibermusicas.org\/index.php\/wp-json\/wp\/v2\/posts\/27812\/revisions\/27814"}],"wp:featuredmedia":[{"embeddable":true,"href":"https:\/\/www.ibermusicas.org\/index.php\/wp-json\/wp\/v2\/media\/27813"}],"wp:attachment":[{"href":"https:\/\/www.ibermusicas.org\/index.php\/wp-json\/wp\/v2\/media?parent=27812"}],"wp:term":[{"taxonomy":"category","embeddable":true,"href":"https:\/\/www.ibermusicas.org\/index.php\/wp-json\/wp\/v2\/categories?post=27812"},{"taxonomy":"post_tag","embeddable":true,"href":"https:\/\/www.ibermusicas.org\/index.php\/wp-json\/wp\/v2\/tags?post=27812"}],"curies":[{"name":"wp","href":"https:\/\/api.w.org\/{rel}","templated":true}]}}