{"id":27815,"date":"2026-03-12T18:29:09","date_gmt":"2026-03-12T18:29:09","guid":{"rendered":"https:\/\/www.ibermusicas.org\/?p=27815"},"modified":"2026-03-12T18:29:10","modified_gmt":"2026-03-12T18:29:10","slug":"chega-o-22-festival-internacional-de-choro-de-paris","status":"publish","type":"post","link":"https:\/\/www.ibermusicas.org\/index.php\/chega-o-22-festival-internacional-de-choro-de-paris\/","title":{"rendered":"Chega o 22\u00b0 Festival Internacional de Choro de Paris"},"content":{"rendered":"\n<p>O 22\u00b0 Festival internacional de Choro de Paris acontecer\u00e1 na Maison du Br\u00e9sil (Cit\u00e9 Universitaire, Paris 14\u00e8me arrondissement), mantendo a perenidade deste evento, criado e dirigido pela pianista franco-brasileira Maria In\u00eas Guimar\u00e3es. O Festival \u00e9 reconhecido por sua alta qualidade pelas autoridades culturais e diplom\u00e1ticas do Brasil na Fran\u00e7a e traz excelentes m\u00fasicos de todo o Brasil e do mundo para o palco da Maison du Br\u00e9sil, em Paris.<\/p>\n\n\n\n<p>O evento tem 6 concertos e 12 oficinas instrumentais para jovens e adultos: cavaquinho, pandeiro, viol\u00e3o de 7 cordas, piano, cordas, sopros, aulas de improvisa\u00e7\u00e3o, de composi\u00e7\u00e3o, de pr\u00e1tica de conjunto. Al\u00e9m disso, acontecem diversas rodas de choro, encontros, confer\u00eancias, exposi\u00e7\u00e3o de fotos, venda e distribui\u00e7\u00e3o gratuita de partituras, CDs, revistas e livros.<\/p>\n\n\n\n<p>O Festival Internacional de Choro de Paris come\u00e7ou em 2005, criando um palco para o p\u00fablico franc\u00eas apaixonado ver os maiores artistas brasileiros do g\u00eanero. O Festival est\u00e1 sempre abrindo portas, viabilizando aos m\u00fasicos que chegam e passam, a possibilidade de ir tocar em diversas cidades francesas e outros centros europeus como Londres, Berlim, Col\u00f3nia, Lisboa, Madrid, Roma e Mil\u00e3o.<\/p>\n\n\n\n<p>Em 21 edi\u00e7\u00f5es, o Festival de Choro de Paris acolheu m\u00fasicos como Paulo Moura, Yamandu Costa, N\u00f3 em Pingo d\u2019\u00e1gua, Reco do Bandolim e grupo Choro Livre, Juarez Moreira, Ra\u00efssa Anast\u00e1sia, Toca de Tatu, Murmurando e Adelson Viana, Alexandre Rodrigues, Choro e Seresta, Matheus Donato e La\u00eds Sandy, Adriana Arnaud, Roee Ben Sira, O Mercado do Choro, Yotam Silberstein, Trio Bola Preta, Daniela Rezende, Quatro a Zero, Trio Carioca (Maur\u00edcio Carrilho, Paulo Arag\u00e3o, Pedro Paes), Trio Madeira Brasil, Aur\u00e9lie &amp; V\u00e9rioca, Carlinhos Patriolino, Assanhado Quarteto, Claire Luzi e Cristiano Nascimento e muitos outros.<\/p>\n\n\n\n<p>O Festival conta com a parceria do Club de Choro de Paris (CCP) e do Cebramusik, e com os apoios da Embaixada do Brasil na Fran\u00e7a e da Maison du Br\u00e9sil.<\/p>\n\n\n\n<p>Na convocat\u00f3ria 2025 do Programa Iberm\u00fasicas, receberam o Pr\u00eamio Especial Brasil\/Iberm\u00fasicas concedido pela FUNARTE (Funda\u00e7\u00e3o Nacional de Arte) do Brasil. Trata-se de um pr\u00eamio de trajet\u00f3ria concedido pela mais alta institui\u00e7\u00e3o governamental de cultura do pa\u00eds de origem do choro. Este pr\u00eamio especial do Programa Iberm\u00fasicas, em colabora\u00e7\u00e3o direta com a FUNARTE, tem como objetivo mapear e ao mesmo tempo reconhecer as iniciativas dedicadas \u00e0 divulga\u00e7\u00e3o, pesquisa e ensino da m\u00fasica brasileira, em qualquer parte do mundo e fora do territ\u00f3rio nacional.<\/p>\n\n\n\n<ul class=\"wp-block-list\">\n<li>27 a 29 de mar\u00e7o, Maison du Br\u00e9sil, Cidade Universit\u00e1ria, 14\u00ba arrondissement, Paris, Fran\u00e7a<\/li>\n<\/ul>\n\n\n\n<p><\/p>\n","protected":false},"excerpt":{"rendered":"<p>O 22\u00b0 Festival internacional de Choro de Paris acontecer\u00e1 na Maison du Br\u00e9sil (Cit\u00e9 Universitaire, Paris 14\u00e8me arrondissement), mantendo a perenidade deste evento, criado e dirigido pela pianista franco-brasileira Maria In\u00eas Guimar\u00e3es. O Festival \u00e9 reconhecido por sua alta qualidade pelas autoridades culturais e diplom\u00e1ticas do Brasil na Fran\u00e7a e traz excelentes m\u00fasicos de todo [&hellip;]<\/p>\n","protected":false},"author":7,"featured_media":27813,"comment_status":"closed","ping_status":"closed","sticky":false,"template":"","format":"standard","meta":{"_monsterinsights_skip_tracking":false,"_monsterinsights_sitenote_active":false,"_monsterinsights_sitenote_note":"","_monsterinsights_sitenote_category":0,"footnotes":""},"categories":[218],"tags":[],"class_list":["post-27815","post","type-post","status-publish","format-standard","has-post-thumbnail","hentry","category-noticias-generales-pt"],"lang":"pt","translations":{"pt":27815,"es":27812},"pll_sync_post":[],"post_mailing_queue_ids":[],"_links":{"self":[{"href":"https:\/\/www.ibermusicas.org\/index.php\/wp-json\/wp\/v2\/posts\/27815","targetHints":{"allow":["GET"]}}],"collection":[{"href":"https:\/\/www.ibermusicas.org\/index.php\/wp-json\/wp\/v2\/posts"}],"about":[{"href":"https:\/\/www.ibermusicas.org\/index.php\/wp-json\/wp\/v2\/types\/post"}],"author":[{"embeddable":true,"href":"https:\/\/www.ibermusicas.org\/index.php\/wp-json\/wp\/v2\/users\/7"}],"replies":[{"embeddable":true,"href":"https:\/\/www.ibermusicas.org\/index.php\/wp-json\/wp\/v2\/comments?post=27815"}],"version-history":[{"count":2,"href":"https:\/\/www.ibermusicas.org\/index.php\/wp-json\/wp\/v2\/posts\/27815\/revisions"}],"predecessor-version":[{"id":27817,"href":"https:\/\/www.ibermusicas.org\/index.php\/wp-json\/wp\/v2\/posts\/27815\/revisions\/27817"}],"wp:featuredmedia":[{"embeddable":true,"href":"https:\/\/www.ibermusicas.org\/index.php\/wp-json\/wp\/v2\/media\/27813"}],"wp:attachment":[{"href":"https:\/\/www.ibermusicas.org\/index.php\/wp-json\/wp\/v2\/media?parent=27815"}],"wp:term":[{"taxonomy":"category","embeddable":true,"href":"https:\/\/www.ibermusicas.org\/index.php\/wp-json\/wp\/v2\/categories?post=27815"},{"taxonomy":"post_tag","embeddable":true,"href":"https:\/\/www.ibermusicas.org\/index.php\/wp-json\/wp\/v2\/tags?post=27815"}],"curies":[{"name":"wp","href":"https:\/\/api.w.org\/{rel}","templated":true}]}}