{"id":27818,"date":"2026-03-12T18:31:02","date_gmt":"2026-03-12T18:31:02","guid":{"rendered":"https:\/\/www.ibermusicas.org\/?p=27818"},"modified":"2026-03-18T17:13:47","modified_gmt":"2026-03-18T17:13:47","slug":"la-agrupacion-portuguesa-la-que-sabe-presenta-su-gira-latinoamericana-2026","status":"publish","type":"post","link":"https:\/\/www.ibermusicas.org\/index.php\/la-agrupacion-portuguesa-la-que-sabe-presenta-su-gira-latinoamericana-2026\/","title":{"rendered":"La agrupaci\u00f3n portuguesa \u201cLa Que Sabe\u201d presenta su Gira Latinoamericana 2026"},"content":{"rendered":"\n<p>La Que Sabe es un concierto-ritual que propone una experiencia art\u00edstica inmersiva, integrando m\u00fasica original, guitarra flamenca, canto, poes\u00eda y performance ritual. El proyecto se inspira en la sabidur\u00eda ancestral y en los ciclos naturales de la vida, afirmando la m\u00fasica como un lenguaje de encuentro, escucha y transformaci\u00f3n, capaz de crear puentes entre culturas, territorios y comunidades.<\/p>\n\n\n\n<p>Creado y compuesto por Maria Jo\u00e3o Machado (Portugal), con composici\u00f3n de guitarra y arreglos de Fernanda de C\u00f3rdoba (Argentina), La Que Sabe re\u00fane en escena a cuatro artistas de trayectorias distintas y complementarias: Maria Jo\u00e3o Machado (voz), Fernanda de C\u00f3rdoba (guitarra flamenca y voz) y Jos\u00e9 Ausina (percusi\u00f3n y voz). Esta diversidad art\u00edstica constituye un valor central del proyecto, enriqueciendo la propuesta musical y perform\u00e1tica y reforzando su dimensi\u00f3n intercultural y colaborativa.<\/p>\n\n\n\n<p>El concierto articula referencias del flamenco, del folclore latinoamericano y de la poes\u00eda contempor\u00e1nea, creando un lenguaje propio que dialoga simult\u00e1neamente con la tradici\u00f3n y con la creaci\u00f3n actual.<\/p>\n\n\n\n<p>Cada presentaci\u00f3n es concebida como un ritual contempor\u00e1neo, en el que el p\u00fablico es invitado a una escucha activa y a una experiencia sensible, adaptada al espacio, al momento y al contexto cultural que acoge el espect\u00e1culo. El concierto-ritual abre as\u00ed un espacio de interacci\u00f3n sutil y de di\u00e1logo vivo entre artistas, p\u00fablico y territorio.<\/p>\n\n\n\n<p>En 2026, La Que Sabe realizar\u00e1 una gira internacional que contempla Colombia, Brasil y Argentina, afirmando su vocaci\u00f3n iberoamericana y promoviendo el intercambio cultural entre diferentes pa\u00edses y comunidades.<\/p>\n\n\n\n<p>Esta circulaci\u00f3n internacional es posible gracias al apoyo del Programa Iberm\u00fasicas, en colaboraci\u00f3n con la Direcci\u00f3n General de las Artes del Ministerio de Cultura, Juventud y Deporte de Portugal, a trav\u00e9s de la l\u00ednea de \u201cAyuda a la circulaci\u00f3n de profesionales de la m\u00fasica\u201d del Programa Iberm\u00fasicas, convocatoria 2025.<\/p>\n\n\n\n<p>27 de marzo: Casa Valhalla, Bogot\u00e1, Colombia<br>04 de abril: Rinc\u00f3n Andaluz, Buenos Aires, Argentina<br>11 de abril: Instituto Arcano, S\u00e3o Paulo, Brasil<\/p>\n\n\n\n<p><\/p>\n","protected":false},"excerpt":{"rendered":"<p>La Que Sabe es un concierto-ritual que propone una experiencia art\u00edstica inmersiva, integrando m\u00fasica original, guitarra flamenca, canto, poes\u00eda y performance ritual. El proyecto se inspira en la sabidur\u00eda ancestral y en los ciclos naturales de la vida, afirmando la m\u00fasica como un lenguaje de encuentro, escucha y transformaci\u00f3n, capaz de crear puentes entre culturas, [&hellip;]<\/p>\n","protected":false},"author":7,"featured_media":27819,"comment_status":"closed","ping_status":"closed","sticky":false,"template":"","format":"standard","meta":{"_monsterinsights_skip_tracking":false,"_monsterinsights_sitenote_active":false,"_monsterinsights_sitenote_note":"","_monsterinsights_sitenote_category":0,"footnotes":""},"categories":[53],"tags":[],"class_list":["post-27818","post","type-post","status-publish","format-standard","has-post-thumbnail","hentry","category-noticias-generales"],"lang":"es","translations":{"es":27818,"pt":27821},"pll_sync_post":[],"post_mailing_queue_ids":[],"_links":{"self":[{"href":"https:\/\/www.ibermusicas.org\/index.php\/wp-json\/wp\/v2\/posts\/27818","targetHints":{"allow":["GET"]}}],"collection":[{"href":"https:\/\/www.ibermusicas.org\/index.php\/wp-json\/wp\/v2\/posts"}],"about":[{"href":"https:\/\/www.ibermusicas.org\/index.php\/wp-json\/wp\/v2\/types\/post"}],"author":[{"embeddable":true,"href":"https:\/\/www.ibermusicas.org\/index.php\/wp-json\/wp\/v2\/users\/7"}],"replies":[{"embeddable":true,"href":"https:\/\/www.ibermusicas.org\/index.php\/wp-json\/wp\/v2\/comments?post=27818"}],"version-history":[{"count":2,"href":"https:\/\/www.ibermusicas.org\/index.php\/wp-json\/wp\/v2\/posts\/27818\/revisions"}],"predecessor-version":[{"id":27879,"href":"https:\/\/www.ibermusicas.org\/index.php\/wp-json\/wp\/v2\/posts\/27818\/revisions\/27879"}],"wp:featuredmedia":[{"embeddable":true,"href":"https:\/\/www.ibermusicas.org\/index.php\/wp-json\/wp\/v2\/media\/27819"}],"wp:attachment":[{"href":"https:\/\/www.ibermusicas.org\/index.php\/wp-json\/wp\/v2\/media?parent=27818"}],"wp:term":[{"taxonomy":"category","embeddable":true,"href":"https:\/\/www.ibermusicas.org\/index.php\/wp-json\/wp\/v2\/categories?post=27818"},{"taxonomy":"post_tag","embeddable":true,"href":"https:\/\/www.ibermusicas.org\/index.php\/wp-json\/wp\/v2\/tags?post=27818"}],"curies":[{"name":"wp","href":"https:\/\/api.w.org\/{rel}","templated":true}]}}