{"id":27821,"date":"2026-03-12T18:32:22","date_gmt":"2026-03-12T18:32:22","guid":{"rendered":"https:\/\/www.ibermusicas.org\/?p=27821"},"modified":"2026-03-18T17:15:03","modified_gmt":"2026-03-18T17:15:03","slug":"a-agrupacao-portuguesa-la-que-sabe-apresenta-tour-latinoamericana-2026","status":"publish","type":"post","link":"https:\/\/www.ibermusicas.org\/index.php\/a-agrupacao-portuguesa-la-que-sabe-apresenta-tour-latinoamericana-2026\/","title":{"rendered":"A agrupa\u00e7\u00e3o portuguesa \u201cLa que Sabe\u201d apresenta Tour Latinoamericana 2026"},"content":{"rendered":"\n<p>La Que Sabe \u00e9 um concerto-ritual que prop\u00f5e uma experi\u00eancia art\u00edstica imersiva, integrando m\u00fasica original, guitarra flamenca, canto, poesia e performance ritual. O projeto inspira-se na sabedoria ancestral e nos ciclos naturais da vida, afirmando a m\u00fasica como uma linguagem de encontro, escuta e transforma\u00e7\u00e3o, capaz de criar pontes entre culturas, territ\u00f3rios e comunidades.<\/p>\n\n\n\n<p>Criado e composto por Maria Jo\u00e3o Machado (Portugal), com composi\u00e7\u00e3o de guitarra e arranjos de Fernanda de C\u00f3rdoba (Argentina), La Que Sabe re\u00fane em palco quatro artistas de percursos distintos e complementares: Maria Jo\u00e3o Machado (voz), Fernanda de C\u00f3rdoba (guitarra flamenca e voz) e Jos\u00e9 Ausina (percuss\u00e3o e voz). Esta diversidade art\u00edstica constitui uma mais-valia central do projeto, enriquecendo a proposta musical e performativa e refor\u00e7ando a sua dimens\u00e3o intercultural e colaborativa.<\/p>\n\n\n\n<p>O concerto articula refer\u00eancias do flamenco, do folclore latino-americano e da poesia contempor\u00e2nea, criando uma linguagem pr\u00f3pria que dialoga simultaneamente com a tradi\u00e7\u00e3o e com a cria\u00e7\u00e3o atual.<\/p>\n\n\n\n<p>Cada apresenta\u00e7\u00e3o \u00e9 concebida como um ritual contempor\u00e2neo, no qual o p\u00fablico \u00e9 convidado a uma escuta ativa e a uma experi\u00eancia sens\u00edvel, adaptada ao espa\u00e7o, ao momento e ao contexto cultural que acolhe o espet\u00e1culo. O concerto-ritual abre, assim, um espa\u00e7o de intera\u00e7\u00e3o subtil e de di\u00e1logo vivo entre artistas, p\u00fablico e territ\u00f3rio.<\/p>\n\n\n\n<p>Em 2026, La Que Sabe realiza uma circula\u00e7\u00e3o internacional que contempla Col\u00f4mbia, Brasil e Argentina, afirmando a sua voca\u00e7\u00e3o ibero-americana e promovendo o interc\u00e2mbio cultural entre diferentes pa\u00edses e comunidades.<\/p>\n\n\n\n<p>Esta circula\u00e7\u00e3o internacional \u00e9 poss\u00edvel gra\u00e7as ao apoio do Programa Iberm\u00fasicas, em colabora\u00e7\u00e3o com a Dire\u00e7\u00e3o Geral das Artes do Minist\u00e9rio da Cultura, Juventude e Desporto de Portugal, atrav\u00e9s da linha de \u201cApoio \u00e0 circula\u00e7\u00e3o de profissionais da m\u00fasica\u201d do Programa Iberm\u00fasicas, convocat\u00f3ria 2025.<\/p>\n\n\n\n<p>&#8211; 27 de mar\u00e7o: Casa Valhalla, Bogot\u00e1, Col\u00f4mbia<br>&#8211; 04 de abril: Rinc\u00f3n Andaluz, Buenos Aires, Argentina<br>&#8211; 11 de abril: Instituto Arcano, S\u00e3o Paulo, Brasil<\/p>\n\n\n\n<p><\/p>\n","protected":false},"excerpt":{"rendered":"<p>La Que Sabe \u00e9 um concerto-ritual que prop\u00f5e uma experi\u00eancia art\u00edstica imersiva, integrando m\u00fasica original, guitarra flamenca, canto, poesia e performance ritual. O projeto inspira-se na sabedoria ancestral e nos ciclos naturais da vida, afirmando a m\u00fasica como uma linguagem de encontro, escuta e transforma\u00e7\u00e3o, capaz de criar pontes entre culturas, territ\u00f3rios e comunidades. Criado [&hellip;]<\/p>\n","protected":false},"author":7,"featured_media":27819,"comment_status":"closed","ping_status":"closed","sticky":false,"template":"","format":"standard","meta":{"_monsterinsights_skip_tracking":false,"_monsterinsights_sitenote_active":false,"_monsterinsights_sitenote_note":"","_monsterinsights_sitenote_category":0,"footnotes":""},"categories":[218],"tags":[],"class_list":["post-27821","post","type-post","status-publish","format-standard","has-post-thumbnail","hentry","category-noticias-generales-pt"],"lang":"pt","translations":{"pt":27821,"es":27818},"pll_sync_post":[],"post_mailing_queue_ids":[],"_links":{"self":[{"href":"https:\/\/www.ibermusicas.org\/index.php\/wp-json\/wp\/v2\/posts\/27821","targetHints":{"allow":["GET"]}}],"collection":[{"href":"https:\/\/www.ibermusicas.org\/index.php\/wp-json\/wp\/v2\/posts"}],"about":[{"href":"https:\/\/www.ibermusicas.org\/index.php\/wp-json\/wp\/v2\/types\/post"}],"author":[{"embeddable":true,"href":"https:\/\/www.ibermusicas.org\/index.php\/wp-json\/wp\/v2\/users\/7"}],"replies":[{"embeddable":true,"href":"https:\/\/www.ibermusicas.org\/index.php\/wp-json\/wp\/v2\/comments?post=27821"}],"version-history":[{"count":3,"href":"https:\/\/www.ibermusicas.org\/index.php\/wp-json\/wp\/v2\/posts\/27821\/revisions"}],"predecessor-version":[{"id":27880,"href":"https:\/\/www.ibermusicas.org\/index.php\/wp-json\/wp\/v2\/posts\/27821\/revisions\/27880"}],"wp:featuredmedia":[{"embeddable":true,"href":"https:\/\/www.ibermusicas.org\/index.php\/wp-json\/wp\/v2\/media\/27819"}],"wp:attachment":[{"href":"https:\/\/www.ibermusicas.org\/index.php\/wp-json\/wp\/v2\/media?parent=27821"}],"wp:term":[{"taxonomy":"category","embeddable":true,"href":"https:\/\/www.ibermusicas.org\/index.php\/wp-json\/wp\/v2\/categories?post=27821"},{"taxonomy":"post_tag","embeddable":true,"href":"https:\/\/www.ibermusicas.org\/index.php\/wp-json\/wp\/v2\/tags?post=27821"}],"curies":[{"name":"wp","href":"https:\/\/api.w.org\/{rel}","templated":true}]}}