{"id":27843,"date":"2026-03-12T19:24:57","date_gmt":"2026-03-12T19:24:57","guid":{"rendered":"https:\/\/www.ibermusicas.org\/?p=27843"},"modified":"2026-03-12T19:37:26","modified_gmt":"2026-03-12T19:37:26","slug":"78-rotacoes-libertacao-da-memoria-sonora-2","status":"publish","type":"post","link":"https:\/\/www.ibermusicas.org\/index.php\/78-rotacoes-libertacao-da-memoria-sonora-2\/","title":{"rendered":"78 rota\u00e7\u00f5es &#8211; Liberta\u00e7\u00e3o da Mem\u00f3ria Sonora"},"content":{"rendered":"\n<figure class=\"wp-block-embed is-type-video is-provider-youtube wp-block-embed-youtube wp-embed-aspect-16-9 wp-has-aspect-ratio\"><div class=\"wp-block-embed__wrapper\">\n<iframe loading=\"lazy\" title=\"Fado Lir\u00f3 - Resid\u00eancia do bandolinista e investigador Pedro Arag\u00e3o (BR) no Clube do Choro de Porto\" width=\"500\" height=\"281\" src=\"https:\/\/www.youtube.com\/embed\/t6owdINrzKk?feature=oembed\" frameborder=\"0\" allow=\"accelerometer; autoplay; clipboard-write; encrypted-media; gyroscope; picture-in-picture; web-share\" referrerpolicy=\"strict-origin-when-cross-origin\" allowfullscreen><\/iframe>\n<\/div><\/figure>\n\n\n\n<figure class=\"wp-block-embed is-type-video is-provider-youtube wp-block-embed-youtube wp-embed-aspect-16-9 wp-has-aspect-ratio\"><div class=\"wp-block-embed__wrapper\">\n<iframe loading=\"lazy\" title=\"Muxongo - Resid\u00eancia do bandolinista e investigador Pedro Arag\u00e3o (BR) no Clube do Choro de Porto\" width=\"500\" height=\"281\" src=\"https:\/\/www.youtube.com\/embed\/bpUTeDooo-8?feature=oembed\" frameborder=\"0\" allow=\"accelerometer; autoplay; clipboard-write; encrypted-media; gyroscope; picture-in-picture; web-share\" referrerpolicy=\"strict-origin-when-cross-origin\" allowfullscreen><\/iframe>\n<\/div><\/figure>\n","protected":false},"excerpt":{"rendered":"","protected":false},"author":7,"featured_media":27864,"comment_status":"closed","ping_status":"closed","sticky":false,"template":"","format":"standard","meta":{"_monsterinsights_skip_tracking":false,"_monsterinsights_sitenote_active":false,"_monsterinsights_sitenote_note":"","_monsterinsights_sitenote_category":0,"footnotes":""},"categories":[352],"tags":[1486,200,170],"class_list":["post-27843","post","type-post","status-publish","format-standard","has-post-thumbnail","hentry","category-banco-conteudos","tag-2023-pt","tag-ayudas-a-la-movilidad-de-musicas-y-musicos-pt","tag-brasil-pt"],"lang":"pt","translations":{"pt":27843},"pll_sync_post":[],"post_mailing_queue_ids":[],"_links":{"self":[{"href":"https:\/\/www.ibermusicas.org\/index.php\/wp-json\/wp\/v2\/posts\/27843","targetHints":{"allow":["GET"]}}],"collection":[{"href":"https:\/\/www.ibermusicas.org\/index.php\/wp-json\/wp\/v2\/posts"}],"about":[{"href":"https:\/\/www.ibermusicas.org\/index.php\/wp-json\/wp\/v2\/types\/post"}],"author":[{"embeddable":true,"href":"https:\/\/www.ibermusicas.org\/index.php\/wp-json\/wp\/v2\/users\/7"}],"replies":[{"embeddable":true,"href":"https:\/\/www.ibermusicas.org\/index.php\/wp-json\/wp\/v2\/comments?post=27843"}],"version-history":[{"count":1,"href":"https:\/\/www.ibermusicas.org\/index.php\/wp-json\/wp\/v2\/posts\/27843\/revisions"}],"predecessor-version":[{"id":27844,"href":"https:\/\/www.ibermusicas.org\/index.php\/wp-json\/wp\/v2\/posts\/27843\/revisions\/27844"}],"wp:featuredmedia":[{"embeddable":true,"href":"https:\/\/www.ibermusicas.org\/index.php\/wp-json\/wp\/v2\/media\/27864"}],"wp:attachment":[{"href":"https:\/\/www.ibermusicas.org\/index.php\/wp-json\/wp\/v2\/media?parent=27843"}],"wp:term":[{"taxonomy":"category","embeddable":true,"href":"https:\/\/www.ibermusicas.org\/index.php\/wp-json\/wp\/v2\/categories?post=27843"},{"taxonomy":"post_tag","embeddable":true,"href":"https:\/\/www.ibermusicas.org\/index.php\/wp-json\/wp\/v2\/tags?post=27843"}],"curies":[{"name":"wp","href":"https:\/\/api.w.org\/{rel}","templated":true}]}}