{"id":28126,"date":"2026-04-30T13:07:00","date_gmt":"2026-04-30T13:07:00","guid":{"rendered":"https:\/\/www.ibermusicas.org\/?p=28126"},"modified":"2026-04-30T13:07:02","modified_gmt":"2026-04-30T13:07:02","slug":"compartimos-la-publicacion-programas-iberoamericanos-de-cooperacion-cultural-dialogo-solidaridad-e-incidencia-para-las-politicas-culturales-en-iberoamerica","status":"publish","type":"post","link":"https:\/\/www.ibermusicas.org\/index.php\/compartimos-la-publicacion-programas-iberoamericanos-de-cooperacion-cultural-dialogo-solidaridad-e-incidencia-para-las-politicas-culturales-en-iberoamerica\/","title":{"rendered":"Compartimos la publicaci\u00f3n \u201cProgramas Iberoamericanos de Cooperaci\u00f3n Cultural \u2013 Di\u00e1logo, solidaridad e incidencia para las pol\u00edticas culturales en Iberoam\u00e9rica\u201d"},"content":{"rendered":"\n<p>Esta publicaci\u00f3n re\u00fane art\u00edculos de ocho programas iberoamericanos: Ibermuseos, Iberarchivos, Iberbibliotecas, IberCultura Viva, Iberescena, Ibermedia e Iberorquestas Juveniles. Asimismo, incluye entrevistas a la ministra de Cultura de Brasil, Margareth Menezes; a la ministra de Cultura de Panam\u00e1, Mar\u00eda Eugenia Herrera; al secretario de Estado de Cultura de Espa\u00f1a, Jordi Mart\u00ed Grau; y a la investigadora y gestora p\u00fablica chilena Paulina Soto Labb\u00e9, quienes destacan la diversidad y el car\u00e1cter din\u00e1mico de las acciones impulsadas por los programas en la regi\u00f3n.<\/p>\n\n\n\n<p>En el marco de los 35 a\u00f1os de la Conferencia Iberoamericana y las dos d\u00e9cadas de la Secretar\u00eda General Iberoamericana, en articulaci\u00f3n con la celebraci\u00f3n de Mondiacult 2025, la publicaci\u00f3n pone en relieve el enfoque integral de los Programas Iberoamericanos de Cooperaci\u00f3n Cultural. A trav\u00e9s de art\u00edculos acad\u00e9micos y testimonios de quienes los protagonizan, se visibiliza la diversidad de miradas que dan forma a la regi\u00f3n y se examinan los impactos alcanzados en las pol\u00edticas p\u00fablicas, tanto a nivel nacional como local. Asimismo, se delinean los principales retos y horizontes que orientar\u00e1n la cooperaci\u00f3n cultural iberoamericana en el actual escenario multilateral.<\/p>\n\n\n\n<p>El Programa Iberm\u00fasicas ha sido parte de esta construcci\u00f3n en tanto dinamizador del sector musical iberoamericano promoviendo pol\u00edticas de democratizaci\u00f3n para el acceso a la cultura y la profesionalizaci\u00f3n; fomentando la creaci\u00f3n musical en todas sus formas y sin distinciones de estilos, g\u00e9neros y tradiciones; potenciando alianzas institucionales para la consolidaci\u00f3n del sistema musical de la regi\u00f3n iberoamericana; posibilitando iniciativas en favor de la cooperaci\u00f3n y el mutuo conocimiento entre los pueblos y las instituciones musicales de la comunidad; favoreciento la presencia de la m\u00fasica iberoamericana dentro y fuera del \u00e1mbito de nuestra comunidad; impulsando programas de educaci\u00f3n y formaci\u00f3n; activando la creaci\u00f3n, la investigaci\u00f3n y la documentaci\u00f3n; facilitando la difusi\u00f3n y producci\u00f3n de contenidos en formatos gr\u00e1ficos, sonoros y audiovisuales; apoyando la creaci\u00f3n y el fortalecimiento de redes y propiciando la inserci\u00f3n de la m\u00fasica iberoamericana en los mercados y circuitos de distribuci\u00f3n globales.<\/p>\n\n\n\n<p>Esta publicaci\u00f3n de consulta gratuita da cuenta tanto de las incidencias, como los alcances y tambi\u00e9n los retos actuales que enfrentan los Programas Iberoamericanos de Cooperaci\u00f3n Cultural en un momento hist\u00f3rico de m\u00faltiples crisis y cambios geopol\u00edcos.<\/p>\n\n\n\n<ul class=\"wp-block-list\">\n<li>Acceder en: <a href=\"https:\/\/www.ibermusicas.org\/index.php\/compartimos-la-publicacion-de-programas-iberoamericanos-de-cooperacion-cultural-dialogo-solidaridad-e-incidencia-para-las-politicas-culturales-en-iberoamerica\/\">https:\/\/www.ibermusicas.org\/index.php\/compartimos-la-publicacion-de-programas-iberoamericanos-de-cooperacion-cultural-dialogo-solidaridad-e-incidencia-para-las-politicas-culturales-en-iberoamerica\/<\/a><\/li>\n<\/ul>\n","protected":false},"excerpt":{"rendered":"<p>Esta publicaci\u00f3n re\u00fane art\u00edculos de ocho programas iberoamericanos: Ibermuseos, Iberarchivos, Iberbibliotecas, IberCultura Viva, Iberescena, Ibermedia e Iberorquestas Juveniles. Asimismo, incluye entrevistas a la ministra de Cultura de Brasil, Margareth Menezes; a la ministra de Cultura de Panam\u00e1, Mar\u00eda Eugenia Herrera; al secretario de Estado de Cultura de Espa\u00f1a, Jordi Mart\u00ed Grau; y a la investigadora [&hellip;]<\/p>\n","protected":false},"author":7,"featured_media":28127,"comment_status":"closed","ping_status":"closed","sticky":false,"template":"","format":"standard","meta":{"_monsterinsights_skip_tracking":false,"_monsterinsights_sitenote_active":false,"_monsterinsights_sitenote_note":"","_monsterinsights_sitenote_category":0,"footnotes":""},"categories":[53,52],"tags":[],"class_list":["post-28126","post","type-post","status-publish","format-standard","has-post-thumbnail","hentry","category-noticias-generales","category-noticias-ibermusicas"],"lang":"es","translations":{"es":28126,"pt":28129},"pll_sync_post":[],"post_mailing_queue_ids":[],"_links":{"self":[{"href":"https:\/\/www.ibermusicas.org\/index.php\/wp-json\/wp\/v2\/posts\/28126","targetHints":{"allow":["GET"]}}],"collection":[{"href":"https:\/\/www.ibermusicas.org\/index.php\/wp-json\/wp\/v2\/posts"}],"about":[{"href":"https:\/\/www.ibermusicas.org\/index.php\/wp-json\/wp\/v2\/types\/post"}],"author":[{"embeddable":true,"href":"https:\/\/www.ibermusicas.org\/index.php\/wp-json\/wp\/v2\/users\/7"}],"replies":[{"embeddable":true,"href":"https:\/\/www.ibermusicas.org\/index.php\/wp-json\/wp\/v2\/comments?post=28126"}],"version-history":[{"count":1,"href":"https:\/\/www.ibermusicas.org\/index.php\/wp-json\/wp\/v2\/posts\/28126\/revisions"}],"predecessor-version":[{"id":28128,"href":"https:\/\/www.ibermusicas.org\/index.php\/wp-json\/wp\/v2\/posts\/28126\/revisions\/28128"}],"wp:featuredmedia":[{"embeddable":true,"href":"https:\/\/www.ibermusicas.org\/index.php\/wp-json\/wp\/v2\/media\/28127"}],"wp:attachment":[{"href":"https:\/\/www.ibermusicas.org\/index.php\/wp-json\/wp\/v2\/media?parent=28126"}],"wp:term":[{"taxonomy":"category","embeddable":true,"href":"https:\/\/www.ibermusicas.org\/index.php\/wp-json\/wp\/v2\/categories?post=28126"},{"taxonomy":"post_tag","embeddable":true,"href":"https:\/\/www.ibermusicas.org\/index.php\/wp-json\/wp\/v2\/tags?post=28126"}],"curies":[{"name":"wp","href":"https:\/\/api.w.org\/{rel}","templated":true}]}}