{"id":28129,"date":"2026-04-30T13:08:40","date_gmt":"2026-04-30T13:08:40","guid":{"rendered":"https:\/\/www.ibermusicas.org\/?p=28129"},"modified":"2026-04-30T13:08:42","modified_gmt":"2026-04-30T13:08:42","slug":"compartilhamos-a-publicacao-programas-ibero-americanos-de-cooperacao-cultural-dialogo-solidariedade-e-incidencia-para-as-politicas-culturais-na-ibero-america","status":"publish","type":"post","link":"https:\/\/www.ibermusicas.org\/index.php\/compartilhamos-a-publicacao-programas-ibero-americanos-de-cooperacao-cultural-dialogo-solidariedade-e-incidencia-para-as-politicas-culturais-na-ibero-america\/","title":{"rendered":"Compartilhamos a publica\u00e7\u00e3o \u201cProgramas Ibero-Americanos de Coopera\u00e7\u00e3o Cultural \u2013 Di\u00e1logo, solidariedade e incid\u00eancia para as pol\u00edticas culturais na Ibero-Am\u00e9rica\u201d"},"content":{"rendered":"\n<p>Esta publica\u00e7\u00e3o re\u00fane artigos de oito programas ibero-americanos: Ibermuseos, Iberarquivos, Iberbibliotecas, IberCultura Viva, Iberescena, Ibermedia e Iberorquestras Juvenis. Al\u00e9m disso, inclui entrevistas com a ministra da Cultura do Brasil, Margareth Menezes; a ministra da Cultura do Panam\u00e1, Mar\u00eda Eugenia Herrera; o secret\u00e1rio de Estado de Cultura da Espanha, Jordi Mart\u00ed Grau; e a investigadora e gestora p\u00fablica chilena Paulina Soto Labb\u00e9, que destacam a diversidade e o car\u00e1ter din\u00e2mico das a\u00e7\u00f5es impulsionadas pelos programas na regi\u00e3o.<\/p>\n\n\n\n<p>No marco dos 35 anos da Confer\u00eancia Ibero-Americana e das duas d\u00e9cadas da Secretaria-Geral Ibero-Americana, em articula\u00e7\u00e3o com a celebra\u00e7\u00e3o do Mondiacult 2025, a publica\u00e7\u00e3o destaca a abordagem integral dos Programas Ibero-Americanos de Coopera\u00e7\u00e3o Cultural. Por meio de artigos acad\u00eamicos e depoimentos de seus protagonistas, evidencia-se a diversidade de perspectivas que conformam a regi\u00e3o e analisam-se os impactos alcan\u00e7ados nas pol\u00edticas p\u00fablicas, tanto em n\u00edvel nacional quanto local. Ao mesmo tempo, delineiam-se os principais desafios e perspectivas que orientar\u00e3o a coopera\u00e7\u00e3o cultural ibero-americana no atual cen\u00e1rio multilateral.<\/p>\n\n\n\n<p>O Programa Iberm\u00fasicas tem sido parte desta constru\u00e7\u00e3o como dinamizador do setor musical ibero-americano, promovendo pol\u00edticas de democratiza\u00e7\u00e3o do acesso \u00e0 cultura e da profissionaliza\u00e7\u00e3o; fomentando a cria\u00e7\u00e3o musical em todas as suas formas e sem distin\u00e7\u00e3o de estilos, g\u00eaneros e tradi\u00e7\u00f5es; fortalecendo alian\u00e7as institucionais para a consolida\u00e7\u00e3o do sistema musical da regi\u00e3o ibero-americana; viabilizando iniciativas em favor da coopera\u00e7\u00e3o e do conhecimento m\u00fatuo entre os povos e as institui\u00e7\u00f5es musicais da comunidade; ampliando a presen\u00e7a da m\u00fasica ibero-americana dentro e fora do \u00e2mbito da nossa comunidade; impulsionando programas de educa\u00e7\u00e3o e forma\u00e7\u00e3o; estimulando a cria\u00e7\u00e3o, a pesquisa e a documenta\u00e7\u00e3o; facilitando a difus\u00e3o e a produ\u00e7\u00e3o de conte\u00fados em formatos gr\u00e1ficos, sonoros e audiovisuais; apoiando a cria\u00e7\u00e3o e o fortalecimento de redes e promovendo a inser\u00e7\u00e3o da m\u00fasica ibero-americana nos mercados e circuitos globais de distribui\u00e7\u00e3o.<\/p>\n\n\n\n<p>Esta publica\u00e7\u00e3o, de acesso gratuito, apresenta tanto as incid\u00eancias quanto os alcances e tamb\u00e9m os desafios atuais enfrentados pelos Programas Ibero-Americanos de Coopera\u00e7\u00e3o Cultural em um momento hist\u00f3rico marcado por m\u00faltiplas crises e transforma\u00e7\u00f5es geopol\u00edticas.<\/p>\n\n\n\n<ul class=\"wp-block-list\">\n<li>Acesse em:<a href=\"https:\/\/www.ibermusicas.org\/index.php\/compartimos-la-publicacion-de-programas-iberoamericanos-de-cooperacion-cultural-dialogo-solidaridad-e-incidencia-para-las-politicas-culturales-en-iberoamerica\/\"> <\/a><a href=\"https:\/\/www.ibermusicas.org\/index.php\/compartimos-la-publicacion-de-programas-iberoamericanos-de-cooperacion-cultural-dialogo-solidaridad-e-incidencia-para-las-politicas-culturales-en-iberoamerica\/\">https:\/\/www.ibermusicas.org\/index.php\/compartimos-la-publicacion-de-programas-iberoamericanos-de-cooperacion-cultural-dialogo-solidaridad-e-incidencia-para-las-politicas-culturales-en-iberoamerica\/<\/a><\/li>\n<\/ul>\n\n\n\n<p><\/p>\n","protected":false},"excerpt":{"rendered":"<p>Esta publica\u00e7\u00e3o re\u00fane artigos de oito programas ibero-americanos: Ibermuseos, Iberarquivos, Iberbibliotecas, IberCultura Viva, Iberescena, Ibermedia e Iberorquestras Juvenis. Al\u00e9m disso, inclui entrevistas com a ministra da Cultura do Brasil, Margareth Menezes; a ministra da Cultura do Panam\u00e1, Mar\u00eda Eugenia Herrera; o secret\u00e1rio de Estado de Cultura da Espanha, Jordi Mart\u00ed Grau; e a investigadora e [&hellip;]<\/p>\n","protected":false},"author":7,"featured_media":28127,"comment_status":"closed","ping_status":"closed","sticky":false,"template":"","format":"standard","meta":{"_monsterinsights_skip_tracking":false,"_monsterinsights_sitenote_active":false,"_monsterinsights_sitenote_note":"","_monsterinsights_sitenote_category":0,"footnotes":""},"categories":[218,220],"tags":[],"class_list":["post-28129","post","type-post","status-publish","format-standard","has-post-thumbnail","hentry","category-noticias-generales-pt","category-noticias-ibermusicas-pt"],"lang":"pt","translations":{"pt":28129,"es":28126},"pll_sync_post":[],"post_mailing_queue_ids":[],"_links":{"self":[{"href":"https:\/\/www.ibermusicas.org\/index.php\/wp-json\/wp\/v2\/posts\/28129","targetHints":{"allow":["GET"]}}],"collection":[{"href":"https:\/\/www.ibermusicas.org\/index.php\/wp-json\/wp\/v2\/posts"}],"about":[{"href":"https:\/\/www.ibermusicas.org\/index.php\/wp-json\/wp\/v2\/types\/post"}],"author":[{"embeddable":true,"href":"https:\/\/www.ibermusicas.org\/index.php\/wp-json\/wp\/v2\/users\/7"}],"replies":[{"embeddable":true,"href":"https:\/\/www.ibermusicas.org\/index.php\/wp-json\/wp\/v2\/comments?post=28129"}],"version-history":[{"count":2,"href":"https:\/\/www.ibermusicas.org\/index.php\/wp-json\/wp\/v2\/posts\/28129\/revisions"}],"predecessor-version":[{"id":28131,"href":"https:\/\/www.ibermusicas.org\/index.php\/wp-json\/wp\/v2\/posts\/28129\/revisions\/28131"}],"wp:featuredmedia":[{"embeddable":true,"href":"https:\/\/www.ibermusicas.org\/index.php\/wp-json\/wp\/v2\/media\/28127"}],"wp:attachment":[{"href":"https:\/\/www.ibermusicas.org\/index.php\/wp-json\/wp\/v2\/media?parent=28129"}],"wp:term":[{"taxonomy":"category","embeddable":true,"href":"https:\/\/www.ibermusicas.org\/index.php\/wp-json\/wp\/v2\/categories?post=28129"},{"taxonomy":"post_tag","embeddable":true,"href":"https:\/\/www.ibermusicas.org\/index.php\/wp-json\/wp\/v2\/tags?post=28129"}],"curies":[{"name":"wp","href":"https:\/\/api.w.org\/{rel}","templated":true}]}}