{"id":28132,"date":"2026-04-30T13:56:03","date_gmt":"2026-04-30T13:56:03","guid":{"rendered":"https:\/\/www.ibermusicas.org\/?p=28132"},"modified":"2026-04-30T13:56:04","modified_gmt":"2026-04-30T13:56:04","slug":"la-compositora-peruana-claudia-sofia-alvarez-realizara-una-residencia-creativa-junto-al-ensamble-hanatsu-miroir-en-francia","status":"publish","type":"post","link":"https:\/\/www.ibermusicas.org\/index.php\/la-compositora-peruana-claudia-sofia-alvarez-realizara-una-residencia-creativa-junto-al-ensamble-hanatsu-miroir-en-francia\/","title":{"rendered":"La compositora peruana Claudia Sof\u00eda \u00c1lvarez realizar\u00e1 una residencia creativa junto al ensamble Hanatsu Miroir en Francia"},"content":{"rendered":"\n<p>Claudia Sof\u00eda Alvarez es una compositora peruana cuya m\u00fasica profundiza en el poder del sonido en la experiencia humana a trav\u00e9s de medios vocales, instrumentales y electroac\u00fasticos. Con el apoyo de Iberm\u00fasicas realizar\u00e1 una residencia art\u00edstica para la creaci\u00f3n y finalizaci\u00f3n de la pieza <em>C\u00faume<\/em>, para ensamble mixto y medios electr\u00f3nicos.<\/p>\n\n\n\n<p>Ha participado en diversos festivales y residencias en Europa, Estados Unidos y Latinoam\u00e9rica, entre los que destacan el Festival D\u2019Aix en Provence Composition Residency 2025 (Francia), 2023 IRCAM Manifeste Festival (Francia),.abeceda Contemporary Music Festival 2023, 2024 y 2025 (Eslovenia), 2022 Heroines of Sound Festival (Alemania), etc.<\/p>\n\n\n\n<p>Ha colaborado con reconocidos ensambles como Intercontemporain (FR), Multilat\u00e9rale (FR), KNM Berlin (DEU), Tana Quatour (FR), Ictus (BE), .abeceda [new music ensemble] (SI), Hartford Independent Chamber Orchestra (US), Fresh Squeezed Opera (US), Filarmonica Banatul Timi\u0219oara Choir (RO), Brno Philharmonic (CZ), Orquesta de C\u00e1mara Municipal de Santiago (CL), Orquesta Filarm\u00f3nica de Medell\u00edn (CO), Coro Nacional del Per\u00fa (PE), etc.<\/p>\n\n\n\n<p>Es Bachiller en Composici\u00f3n Musical de la Universidad Nacional de M\u00fasica del Per\u00fa, donde ha participado de residencias y producciones discogr\u00e1ficas del Laboratorio de Acusm\u00e1tica y M\u00fasica Mixta de la instituci\u00f3n. Tambi\u00e9n ha realizado colaboraciones&nbsp; interdisciplinarias, musicalizado obras para danza, teatro, exposiciones de arte y audiovisuales. Es co-fundadora de Retama: colectivo de compositoras.<\/p>\n\n\n\n<p>Hanatsu Miror fue fundado en 2010 por la flautista Ayako Okubo y el percusionista Olivier Maurel. El ensamble se mueve entre la exploraci\u00f3n sonora y la creaci\u00f3n de nuevas obras. La pr\u00e1ctica del ensamble se centra en la hibridaci\u00f3n de gestos musicales, espacios ac\u00fasticos y est\u00e9ticos, y las formas de pensar, escribir y transmitir la m\u00fasica.<\/p>\n\n\n\n<p><br>Hanatsu Miroir tambi\u00e9n busca promover la diversidad de enfoques y creencias art\u00edsticas, defender la singularidad de cada una y celebrar la belleza que se encuentra en las fronteras<\/p>\n\n\n\n<p>porosas y las intersecciones entre innumerables perspectivas del mundo.<\/p>\n\n\n\n<p><br>Desde su fundaci\u00f3n en 2010, Hanatsu Miroir ha comisionado numerosas obras a compositores de diversos or\u00edgenes est\u00e9ticos. El ensamble ha realizado giras en Europa, Asia, Am\u00e9rica del Norte y del Sur, y ha creado espect\u00e1culos para p\u00fablicos de todas las edades.<\/p>\n\n\n\n<p>En el concierto de cierre que tendr\u00e1 lugar en el marco de Oto LABo #3 producido por Hanatsu Miroir ser\u00e1n programadas dos obras de la compositora: Ra\u00edces al infinito V para contrabajo solo y Collective Distortion, para ensamble mixto en el cual ella misma performar\u00e1 la voz y la electr\u00f3nica junto al ensamble.<\/p>\n\n\n\n<p>Esta residencia de Claudia Sof\u00eda Alvarez en Francia es posible gracias al apoyo del Programa Iberm\u00fasicas, mediante su l\u00ednea de Ayuda a artistas e investigadores para residencias.<\/p>\n\n\n\n<ul class=\"wp-block-list\">\n<li>Del 27 de abril al 25 de mayo en Espace K:10 rue du Hohwald, 67000 Estrasburgo, Francia<\/li>\n\n\n\n<li>22 de mayo: concierto de cierre en el marco de Oto LABo #3 en Espace K:10 rue du Hohwald, 67000 Estrasburgo, Francia<\/li>\n<\/ul>\n","protected":false},"excerpt":{"rendered":"<p>Claudia Sof\u00eda Alvarez es una compositora peruana cuya m\u00fasica profundiza en el poder del sonido en la experiencia humana a trav\u00e9s de medios vocales, instrumentales y electroac\u00fasticos. Con el apoyo de Iberm\u00fasicas realizar\u00e1 una residencia art\u00edstica para la creaci\u00f3n y finalizaci\u00f3n de la pieza C\u00faume, para ensamble mixto y medios electr\u00f3nicos. Ha participado en diversos [&hellip;]<\/p>\n","protected":false},"author":7,"featured_media":28133,"comment_status":"closed","ping_status":"closed","sticky":false,"template":"","format":"standard","meta":{"_monsterinsights_skip_tracking":false,"_monsterinsights_sitenote_active":false,"_monsterinsights_sitenote_note":"","_monsterinsights_sitenote_category":0,"footnotes":""},"categories":[53,48],"tags":[],"class_list":["post-28132","post","type-post","status-publish","format-standard","has-post-thumbnail","hentry","category-noticias-generales","category-noticias-rotativas"],"lang":"es","translations":{"es":28132,"pt":28135},"pll_sync_post":[],"post_mailing_queue_ids":[],"_links":{"self":[{"href":"https:\/\/www.ibermusicas.org\/index.php\/wp-json\/wp\/v2\/posts\/28132","targetHints":{"allow":["GET"]}}],"collection":[{"href":"https:\/\/www.ibermusicas.org\/index.php\/wp-json\/wp\/v2\/posts"}],"about":[{"href":"https:\/\/www.ibermusicas.org\/index.php\/wp-json\/wp\/v2\/types\/post"}],"author":[{"embeddable":true,"href":"https:\/\/www.ibermusicas.org\/index.php\/wp-json\/wp\/v2\/users\/7"}],"replies":[{"embeddable":true,"href":"https:\/\/www.ibermusicas.org\/index.php\/wp-json\/wp\/v2\/comments?post=28132"}],"version-history":[{"count":1,"href":"https:\/\/www.ibermusicas.org\/index.php\/wp-json\/wp\/v2\/posts\/28132\/revisions"}],"predecessor-version":[{"id":28134,"href":"https:\/\/www.ibermusicas.org\/index.php\/wp-json\/wp\/v2\/posts\/28132\/revisions\/28134"}],"wp:featuredmedia":[{"embeddable":true,"href":"https:\/\/www.ibermusicas.org\/index.php\/wp-json\/wp\/v2\/media\/28133"}],"wp:attachment":[{"href":"https:\/\/www.ibermusicas.org\/index.php\/wp-json\/wp\/v2\/media?parent=28132"}],"wp:term":[{"taxonomy":"category","embeddable":true,"href":"https:\/\/www.ibermusicas.org\/index.php\/wp-json\/wp\/v2\/categories?post=28132"},{"taxonomy":"post_tag","embeddable":true,"href":"https:\/\/www.ibermusicas.org\/index.php\/wp-json\/wp\/v2\/tags?post=28132"}],"curies":[{"name":"wp","href":"https:\/\/api.w.org\/{rel}","templated":true}]}}