{"id":28135,"date":"2026-04-30T13:57:24","date_gmt":"2026-04-30T13:57:24","guid":{"rendered":"https:\/\/www.ibermusicas.org\/?p=28135"},"modified":"2026-04-30T13:57:25","modified_gmt":"2026-04-30T13:57:25","slug":"a-compositora-peruana-claudia-sofia-alvarez-realizara-uma-residencia-criativa-junto-ao-ensemble-hanatsu-miroir-na-franca","status":"publish","type":"post","link":"https:\/\/www.ibermusicas.org\/index.php\/a-compositora-peruana-claudia-sofia-alvarez-realizara-uma-residencia-criativa-junto-ao-ensemble-hanatsu-miroir-na-franca\/","title":{"rendered":"A compositora peruana Claudia Sof\u00eda \u00c1lvarez realizar\u00e1 uma resid\u00eancia criativa junto ao ensemble Hanatsu Miroir na Fran\u00e7a"},"content":{"rendered":"\n<p>Claudia Sof\u00eda Alvarez \u00e9 uma compositora peruana cuja m\u00fasica aprofunda o poder do som na experi\u00eancia humana por meio de meios vocais, instrumentais e eletroac\u00fasticos. Com o apoio do Iberm\u00fasicas, realizar\u00e1 uma resid\u00eancia art\u00edstica para a cria\u00e7\u00e3o e finaliza\u00e7\u00e3o da obra <em>C\u00faume<\/em>, para ensemble misto e meios eletr\u00f4nicos.<\/p>\n\n\n\n<p>Participou de diversos festivais e resid\u00eancias na Europa, Estados Unidos e Am\u00e9rica Latina, entre os quais se destacam o Festival d\u2019Aix en Provence Composition Residency 2025 (Fran\u00e7a), o IRCAM Manifeste Festival 2023 (Fran\u00e7a), o .abeceda Contemporary Music Festival 2023, 2024 e 2025 (Eslov\u00eania), o Heroines of Sound Festival 2022 (Alemanha), entre outros.<\/p>\n\n\n\n<p>Colaborou com renomados ensembles como Intercontemporain (FR), Multilat\u00e9rale (FR), KNM Berlin (DEU), Tana Quatour (FR), Ictus (BE), .abeceda [new music ensemble] (SI), Hartford Independent Chamber Orchestra (EUA), Fresh Squeezed Opera (EUA), Filarmonica Banatul Timi\u0219oara Choir (RO), Brno Philharmonic (CZ), Orquesta de C\u00e1mara Municipal de Santiago (CL), Orquesta Filarm\u00f3nica de Medell\u00edn (CO), Coro Nacional del Per\u00fa (PE), entre outros.<\/p>\n\n\n\n<p>\u00c9 bacharel em Composi\u00e7\u00e3o Musical pela Universidad Nacional de M\u00fasica do Peru, onde participou de resid\u00eancias e produ\u00e7\u00f5es fonogr\u00e1ficas do Laborat\u00f3rio de Acusm\u00e1tica e M\u00fasica Mista da institui\u00e7\u00e3o. Tamb\u00e9m realizou colabora\u00e7\u00f5es interdisciplinares, compondo m\u00fasica para obras de dan\u00e7a, teatro, exposi\u00e7\u00f5es de arte e produ\u00e7\u00f5es audiovisuais. \u00c9 cofundadora do Retama: coletivo de compositoras.<\/p>\n\n\n\n<p>O Hanatsu Miroir foi fundado em 2010 pela flautista Ayako Okubo e pelo percussionista Olivier Maurel. O ensemble transita entre a explora\u00e7\u00e3o sonora e a cria\u00e7\u00e3o de novas obras. Sua pr\u00e1tica centra-se na hibridiza\u00e7\u00e3o de gestos musicais, espa\u00e7os ac\u00fasticos e est\u00e9ticos, e nas formas de pensar, escrever e transmitir a m\u00fasica.<\/p>\n\n\n\n<p>O Hanatsu Miroir tamb\u00e9m busca promover a diversidade de enfoques e cren\u00e7as art\u00edsticas, defender a singularidade de cada uma e celebrar a beleza que se encontra nas fronteiras porosas e nas interse\u00e7\u00f5es entre in\u00fameras perspectivas do mundo.<\/p>\n\n\n\n<p>Desde sua funda\u00e7\u00e3o em 2010, o Hanatsu Miroir encomendou numerosas obras a compositores de diversas origens est\u00e9ticas. O ensemble realizou turn\u00eas pela Europa, \u00c1sia, Am\u00e9rica do Norte e Am\u00e9rica do Sul, e criou espet\u00e1culos para p\u00fablicos de todas as idades.<\/p>\n\n\n\n<p>No concerto de encerramento que ter\u00e1 lugar no \u00e2mbito do Oto LABo #3, produzido por Hanatsu Miroir, ser\u00e3o programadas duas obras da compositora: Ra\u00edces al infinito V para contrabaixo solo e Collective Distortion, para ensemble misto, na qual ela pr\u00f3pria far\u00e1 a voz e a eletr\u00f4nica junto ao ensamble.<\/p>\n\n\n\n<p>Esta resid\u00eancia de Claudia Sof\u00eda Alvarez na Fran\u00e7a \u00e9 poss\u00edvel gra\u00e7as ao apoio do Programa Iberm\u00fasicas, por meio de sua linha de Apoio a artistas e pesquisadores para resid\u00eancias.<\/p>\n\n\n\n<ul class=\"wp-block-list\">\n<li>De 27 de abril a 25 de maio no Espace K: 10 rue du Hohwald, 67000 Estrasburgo, Fran\u00e7a<\/li>\n\n\n\n<li>22 de maio: Concerto de encerramento no \u00e2mbito do Oto LABo #3 no Espace K: 10 rue du Hohwald, 67000 Estrasburgo, Fran\u00e7a<\/li>\n<\/ul>\n\n\n\n<p><\/p>\n","protected":false},"excerpt":{"rendered":"<p>Claudia Sof\u00eda Alvarez \u00e9 uma compositora peruana cuja m\u00fasica aprofunda o poder do som na experi\u00eancia humana por meio de meios vocais, instrumentais e eletroac\u00fasticos. Com o apoio do Iberm\u00fasicas, realizar\u00e1 uma resid\u00eancia art\u00edstica para a cria\u00e7\u00e3o e finaliza\u00e7\u00e3o da obra C\u00faume, para ensemble misto e meios eletr\u00f4nicos. Participou de diversos festivais e resid\u00eancias na [&hellip;]<\/p>\n","protected":false},"author":7,"featured_media":28133,"comment_status":"closed","ping_status":"closed","sticky":false,"template":"","format":"standard","meta":{"_monsterinsights_skip_tracking":false,"_monsterinsights_sitenote_active":false,"_monsterinsights_sitenote_note":"","_monsterinsights_sitenote_category":0,"footnotes":""},"categories":[218,222],"tags":[],"class_list":["post-28135","post","type-post","status-publish","format-standard","has-post-thumbnail","hentry","category-noticias-generales-pt","category-noticias-rotativas-pt"],"lang":"pt","translations":{"pt":28135,"es":28132},"pll_sync_post":[],"post_mailing_queue_ids":[],"_links":{"self":[{"href":"https:\/\/www.ibermusicas.org\/index.php\/wp-json\/wp\/v2\/posts\/28135","targetHints":{"allow":["GET"]}}],"collection":[{"href":"https:\/\/www.ibermusicas.org\/index.php\/wp-json\/wp\/v2\/posts"}],"about":[{"href":"https:\/\/www.ibermusicas.org\/index.php\/wp-json\/wp\/v2\/types\/post"}],"author":[{"embeddable":true,"href":"https:\/\/www.ibermusicas.org\/index.php\/wp-json\/wp\/v2\/users\/7"}],"replies":[{"embeddable":true,"href":"https:\/\/www.ibermusicas.org\/index.php\/wp-json\/wp\/v2\/comments?post=28135"}],"version-history":[{"count":2,"href":"https:\/\/www.ibermusicas.org\/index.php\/wp-json\/wp\/v2\/posts\/28135\/revisions"}],"predecessor-version":[{"id":28137,"href":"https:\/\/www.ibermusicas.org\/index.php\/wp-json\/wp\/v2\/posts\/28135\/revisions\/28137"}],"wp:featuredmedia":[{"embeddable":true,"href":"https:\/\/www.ibermusicas.org\/index.php\/wp-json\/wp\/v2\/media\/28133"}],"wp:attachment":[{"href":"https:\/\/www.ibermusicas.org\/index.php\/wp-json\/wp\/v2\/media?parent=28135"}],"wp:term":[{"taxonomy":"category","embeddable":true,"href":"https:\/\/www.ibermusicas.org\/index.php\/wp-json\/wp\/v2\/categories?post=28135"},{"taxonomy":"post_tag","embeddable":true,"href":"https:\/\/www.ibermusicas.org\/index.php\/wp-json\/wp\/v2\/tags?post=28135"}],"curies":[{"name":"wp","href":"https:\/\/api.w.org\/{rel}","templated":true}]}}