{"id":28138,"date":"2026-04-30T14:01:08","date_gmt":"2026-04-30T14:01:08","guid":{"rendered":"https:\/\/www.ibermusicas.org\/?p=28138"},"modified":"2026-04-30T14:01:09","modified_gmt":"2026-04-30T14:01:09","slug":"llega-el-festival-sonorama-ribera-del-duero-mexico-con-la-presencia-de-tres-bandas-espanolas","status":"publish","type":"post","link":"https:\/\/www.ibermusicas.org\/index.php\/llega-el-festival-sonorama-ribera-del-duero-mexico-con-la-presencia-de-tres-bandas-espanolas\/","title":{"rendered":"Llega el Festival Sonorama Ribera del Duero M\u00e9xico con la presencia de tres bandas espa\u00f1olas"},"content":{"rendered":"\n<p>Sonorama Ribera del Duero M\u00e9xico es la extensi\u00f3n internacional de uno de los festivales m\u00e1s emblem\u00e1ticos de Espa\u00f1a, consolidado como referente cultural, musical y gastron\u00f3mico, el Festival Sonorama Ribera. Sonorama impulsa la diversidad, la inclusi\u00f3n, la sostenibilidad y la formaci\u00f3n de p\u00fablicos, generando redes duraderas e impacto econ\u00f3mico, social y cultural a ambos lados del Atl\u00e1ntico.<\/p>\n\n\n\n<p>Gracias al apoyo de Iberm\u00fasicas, a trav\u00e9s de su l\u00ednea de Ayuda a la Programaci\u00f3n Musical, esta edici\u00f3n de Sonorama recibir\u00e1 a tres agrupaciones espa\u00f1olas: La M.O.D.A., Despistaos y Glot\u00f3n.<\/p>\n\n\n\n<p>La M.O.D.A. (La Maravillosa Orquesta del Alcohol) es un grupo con letras personales y un sonido marcado por los instrumentos ac\u00fasticos (acorde\u00f3n, clarinete, mandolina, banjo&#8230;) y por la tierra de la que vienen: Burgos. Adem\u00e1s de en Espa\u00f1a han actuado en M\u00e9xico, Colombia, Argentina, Chile, Francia, Italia, Holanda, Irlanda, Reino Unido y Estados Unidos.<\/p>\n\n\n\n<p>Despistaos cuenta con m\u00e1s de 20 a\u00f1os de trayectoria. Su particular estilo \u2014un rock urbano con tintes de pop que huye de los t\u00f3picos y la rima f\u00e1cil\u2014 se sostiene sobre melod\u00edas inolvidables y letras directas, capaces de conectar desde la primera escucha. Una f\u00f3rmula que ya ha conquistado a varias generaciones.<\/p>\n\n\n\n<p>Glot\u00f3n es la continuaci\u00f3n del grupo arandino Yani Como. Una propuesta que nace de los mismos componentes y que busca con sus nuevas canciones destripar las vivencias<\/p>\n\n\n\n<p>de sus integrantes, sin florituras ni adornos, y con el \u00fanico prop\u00f3sito de cantarle a la vida.<\/p>\n\n\n\n<ul class=\"wp-block-list\">\n<li>2 de mayo, Estadio Fray Nano, Fernando Iglesias Calder\u00f3n s\/n 15099, Ciudad de M\u00e9xico<\/li>\n<\/ul>\n","protected":false},"excerpt":{"rendered":"<p>Sonorama Ribera del Duero M\u00e9xico es la extensi\u00f3n internacional de uno de los festivales m\u00e1s emblem\u00e1ticos de Espa\u00f1a, consolidado como referente cultural, musical y gastron\u00f3mico, el Festival Sonorama Ribera. Sonorama impulsa la diversidad, la inclusi\u00f3n, la sostenibilidad y la formaci\u00f3n de p\u00fablicos, generando redes duraderas e impacto econ\u00f3mico, social y cultural a ambos lados del [&hellip;]<\/p>\n","protected":false},"author":7,"featured_media":28139,"comment_status":"closed","ping_status":"closed","sticky":false,"template":"","format":"standard","meta":{"_monsterinsights_skip_tracking":false,"_monsterinsights_sitenote_active":false,"_monsterinsights_sitenote_note":"","_monsterinsights_sitenote_category":0,"footnotes":""},"categories":[53],"tags":[],"class_list":["post-28138","post","type-post","status-publish","format-standard","has-post-thumbnail","hentry","category-noticias-generales"],"lang":"es","translations":{"es":28138,"pt":28141},"pll_sync_post":[],"post_mailing_queue_ids":[],"_links":{"self":[{"href":"https:\/\/www.ibermusicas.org\/index.php\/wp-json\/wp\/v2\/posts\/28138","targetHints":{"allow":["GET"]}}],"collection":[{"href":"https:\/\/www.ibermusicas.org\/index.php\/wp-json\/wp\/v2\/posts"}],"about":[{"href":"https:\/\/www.ibermusicas.org\/index.php\/wp-json\/wp\/v2\/types\/post"}],"author":[{"embeddable":true,"href":"https:\/\/www.ibermusicas.org\/index.php\/wp-json\/wp\/v2\/users\/7"}],"replies":[{"embeddable":true,"href":"https:\/\/www.ibermusicas.org\/index.php\/wp-json\/wp\/v2\/comments?post=28138"}],"version-history":[{"count":1,"href":"https:\/\/www.ibermusicas.org\/index.php\/wp-json\/wp\/v2\/posts\/28138\/revisions"}],"predecessor-version":[{"id":28140,"href":"https:\/\/www.ibermusicas.org\/index.php\/wp-json\/wp\/v2\/posts\/28138\/revisions\/28140"}],"wp:featuredmedia":[{"embeddable":true,"href":"https:\/\/www.ibermusicas.org\/index.php\/wp-json\/wp\/v2\/media\/28139"}],"wp:attachment":[{"href":"https:\/\/www.ibermusicas.org\/index.php\/wp-json\/wp\/v2\/media?parent=28138"}],"wp:term":[{"taxonomy":"category","embeddable":true,"href":"https:\/\/www.ibermusicas.org\/index.php\/wp-json\/wp\/v2\/categories?post=28138"},{"taxonomy":"post_tag","embeddable":true,"href":"https:\/\/www.ibermusicas.org\/index.php\/wp-json\/wp\/v2\/tags?post=28138"}],"curies":[{"name":"wp","href":"https:\/\/api.w.org\/{rel}","templated":true}]}}