{"id":28141,"date":"2026-04-30T14:02:49","date_gmt":"2026-04-30T14:02:49","guid":{"rendered":"https:\/\/www.ibermusicas.org\/?p=28141"},"modified":"2026-04-30T14:02:51","modified_gmt":"2026-04-30T14:02:51","slug":"chega-o-festival-sonorama-ribera-del-duero-mexico-com-a-presenca-de-tres-bandas-espanholas","status":"publish","type":"post","link":"https:\/\/www.ibermusicas.org\/index.php\/chega-o-festival-sonorama-ribera-del-duero-mexico-com-a-presenca-de-tres-bandas-espanholas\/","title":{"rendered":"Chega o Festival Sonorama Ribera del Duero M\u00e9xico com a presen\u00e7a de tr\u00eas bandas espanholas"},"content":{"rendered":"\n<p>Sonorama Ribera del Duero M\u00e9xico \u00e9 a extens\u00e3o internacional de um dos festivais mais emblem\u00e1ticos da Espanha, consolidado como refer\u00eancia cultural, musical e gastron\u00f4mica: o Festival Sonorama Ribera. Sonorama impulsiona a diversidade, a inclus\u00e3o, a sustentabilidade e a forma\u00e7\u00e3o de p\u00fablicos, gerando redes duradouras e impacto econ\u00f4mico, social e cultural em ambos os lados do Atl\u00e2ntico.<\/p>\n\n\n\n<p>Gra\u00e7as ao apoio do Iberm\u00fasicas, atrav\u00e9s de sua linha de Apoio \u00e0 Programa\u00e7\u00e3o Musical, esta edi\u00e7\u00e3o do Sonorama receber\u00e1 tr\u00eas grupos espanh\u00f3is: La M.O.D.A., Despistaos e Glot\u00f3n.<\/p>\n\n\n\n<p>La M.O.D.A. (La Maravillosa Orquesta del Alcohol) \u00e9 um grupo com letras pessoais e um som marcado por instrumentos ac\u00fasticos (acorde\u00e3o, clarinete, bandolim, banjo&#8230;) e pela terra de onde v\u00eam: Burgos. Al\u00e9m da Espanha, j\u00e1 se apresentaram no M\u00e9xico, Col\u00f4mbia, Argentina, Chile, Fran\u00e7a, It\u00e1lia, Holanda, Irlanda, Reino Unido e Estados Unidos.<\/p>\n\n\n\n<p>Despistaos conta com mais de 20 anos de trajet\u00f3ria. O seu estilo particular \u2014um rock urbano com toques de pop que foge dos clich\u00e9s e das rimas f\u00e1ceis\u2014 sustenta-se em melodias inesquec\u00edveis e letras diretas, capazes de conectar desde a primeira escuta. Uma f\u00f3rmula que j\u00e1 conquistou v\u00e1rias gera\u00e7\u00f5es.<\/p>\n\n\n\n<p>Glot\u00f3n \u00e9 a continua\u00e7\u00e3o do grupo arandino Yani Como. Uma proposta que nasce dos mesmos integrantes e que busca, com suas novas can\u00e7\u00f5es, destrinchar as viv\u00eancias de seus membros, sem floreios nem adornos, com o \u00fanico prop\u00f3sito de cantar a vida.<\/p>\n\n\n\n<ul class=\"wp-block-list\">\n<li>2 de maio, Est\u00e1dio Fray Nano, Fernando Iglesias Calder\u00f3n s\/n, 15099, Cidade do M\u00e9xico<\/li>\n<\/ul>\n\n\n\n<p><\/p>\n","protected":false},"excerpt":{"rendered":"<p>Sonorama Ribera del Duero M\u00e9xico \u00e9 a extens\u00e3o internacional de um dos festivais mais emblem\u00e1ticos da Espanha, consolidado como refer\u00eancia cultural, musical e gastron\u00f4mica: o Festival Sonorama Ribera. Sonorama impulsiona a diversidade, a inclus\u00e3o, a sustentabilidade e a forma\u00e7\u00e3o de p\u00fablicos, gerando redes duradouras e impacto econ\u00f4mico, social e cultural em ambos os lados do [&hellip;]<\/p>\n","protected":false},"author":7,"featured_media":28139,"comment_status":"closed","ping_status":"closed","sticky":false,"template":"","format":"standard","meta":{"_monsterinsights_skip_tracking":false,"_monsterinsights_sitenote_active":false,"_monsterinsights_sitenote_note":"","_monsterinsights_sitenote_category":0,"footnotes":""},"categories":[218],"tags":[],"class_list":["post-28141","post","type-post","status-publish","format-standard","has-post-thumbnail","hentry","category-noticias-generales-pt"],"lang":"pt","translations":{"pt":28141,"es":28138},"pll_sync_post":[],"post_mailing_queue_ids":[],"_links":{"self":[{"href":"https:\/\/www.ibermusicas.org\/index.php\/wp-json\/wp\/v2\/posts\/28141","targetHints":{"allow":["GET"]}}],"collection":[{"href":"https:\/\/www.ibermusicas.org\/index.php\/wp-json\/wp\/v2\/posts"}],"about":[{"href":"https:\/\/www.ibermusicas.org\/index.php\/wp-json\/wp\/v2\/types\/post"}],"author":[{"embeddable":true,"href":"https:\/\/www.ibermusicas.org\/index.php\/wp-json\/wp\/v2\/users\/7"}],"replies":[{"embeddable":true,"href":"https:\/\/www.ibermusicas.org\/index.php\/wp-json\/wp\/v2\/comments?post=28141"}],"version-history":[{"count":2,"href":"https:\/\/www.ibermusicas.org\/index.php\/wp-json\/wp\/v2\/posts\/28141\/revisions"}],"predecessor-version":[{"id":28143,"href":"https:\/\/www.ibermusicas.org\/index.php\/wp-json\/wp\/v2\/posts\/28141\/revisions\/28143"}],"wp:featuredmedia":[{"embeddable":true,"href":"https:\/\/www.ibermusicas.org\/index.php\/wp-json\/wp\/v2\/media\/28139"}],"wp:attachment":[{"href":"https:\/\/www.ibermusicas.org\/index.php\/wp-json\/wp\/v2\/media?parent=28141"}],"wp:term":[{"taxonomy":"category","embeddable":true,"href":"https:\/\/www.ibermusicas.org\/index.php\/wp-json\/wp\/v2\/categories?post=28141"},{"taxonomy":"post_tag","embeddable":true,"href":"https:\/\/www.ibermusicas.org\/index.php\/wp-json\/wp\/v2\/tags?post=28141"}],"curies":[{"name":"wp","href":"https:\/\/api.w.org\/{rel}","templated":true}]}}