{"id":28144,"date":"2026-04-30T14:05:17","date_gmt":"2026-04-30T14:05:17","guid":{"rendered":"https:\/\/www.ibermusicas.org\/?p=28144"},"modified":"2026-04-30T14:05:19","modified_gmt":"2026-04-30T14:05:19","slug":"continua-la-gira-por-los-estados-unidos-de-la-orquesta-de-instrumentos-autoctonos-y-nuevas-tecnologias-oiant-de-argentina","status":"publish","type":"post","link":"https:\/\/www.ibermusicas.org\/index.php\/continua-la-gira-por-los-estados-unidos-de-la-orquesta-de-instrumentos-autoctonos-y-nuevas-tecnologias-oiant-de-argentina\/","title":{"rendered":"Contin\u00faa la gira por los Estados Unidos de la Orquesta de Instrumentos Aut\u00f3ctonos y Nuevas Tecnolog\u00edas (OIANT) de Argentina"},"content":{"rendered":"\n<p>Ganadora de la Convocatoria Especial Iberm\u00fasicas \u2013 Mid Atlantic Arts 2024, la OIANT ha sido invitada por las Reservaciones Ind\u00edgenas a realizar seminarios, conciertos y a dialogar con los referentes espirituales de las Naciones Nativas de Minnesota, Dakota del Sur y Dakota del Norte. La Orquesta de Instrumentos Aut\u00f3ctonos y Nuevas Tecnolog\u00edas (OIANT) de la Universidad Nacional de Tres de Febrero, dirigida por Alejandro Iglesias Rossi, realizar\u00e1 asimismo conciertos sinf\u00f3nicos y de c\u00e1mara en el Berklee College of Music (Boston) as\u00ed como en New York, Washington D.C., Minneapolis, Grand Forks, Virginia y Baltimore.<\/p>\n\n\n\n<p>La Gira \u201cSonidos de la Am\u00e9rica Oculta\u201d es presentada por destacadas instituciones culturales como Indigenous Roots, American Composers Forum, North Dakota Museum of Art, Grand Forks Symphony Orchestra y Artworking Productions junto a Iberm\u00fasicas y Mid Atlantic Arts.<\/p>\n\n\n\n<p>La Gira culminar\u00e1 con un concierto sinf\u00f3nico junto a la Grand Forks Symphony Orchestra as\u00ed como conciertos solistas de la OIANT en el North Dakota Museum of Art, el Indigenous Roots Cultural Center y la University of Minnesota.<\/p>\n\n\n\n<p>A la vez realizar\u00e1n investigaci\u00f3n sobre instrumentos aut\u00f3ctonos en la Library of Congress (Washington DC) as\u00ed como en el Walters Museum (Baltimore).<\/p>\n\n\n\n<p>Fundada en el a\u00f1o 2004 por Alejandro Iglesias Rossi y Susana Ferreres, la OIANT otorga a los instrumentos nativos de Am\u00e9rica la misma \u201cdignidad ontol\u00f3gica\u201d que a los instrumentos heredados de la tradici\u00f3n europea y realiza un trabajo interdisciplinario que abarca las \u00e1reas de composici\u00f3n, interpretaci\u00f3n, luther\u00eda, tecnolog\u00eda, coreograf\u00eda, escenograf\u00eda, creaci\u00f3n de m\u00e1scaras y docencia, buscando as\u00ed reunir las diferentes \u00e1reas del conocimiento relacionadas con la m\u00fasica.<\/p>\n\n\n\n<p>Sus integrantes son a la vez creadores y ejecutantes de sus propias obras, constructores de los instrumentos que interpretan as\u00ed como de las m\u00e1scaras utilizadas en concierto, y presentan su trabajo interdisciplinario realizando un recorrido por la geograf\u00eda sonora del continente tanto con m\u00fasica tradicional como con composiciones contempor\u00e1neas fusionando a los instrumentos milenarios (Mayas, Aztecas, Incas, Mochicas, Nazcas) con las tecnolog\u00edas digitales.<\/p>\n\n\n\n<ul class=\"wp-block-list\">\n<li>3 de mayo: Concierto en North Dakota Museum of Art, Grand Forks (ND)<\/li>\n\n\n\n<li>5 de mayo: Turtle Mountain Reservation \/ Intercambio Cultural y\u00a0 Festival de M\u00fasica de C\u00e1mara, \u00abSounds of the Prairie\u00bb (Reservaciones y escuelas de North Dakota y South Dakota)<\/li>\n\n\n\n<li>6 de mayo: Intercambio Cultural y Festival de M\u00fasica de C\u00e1mara, Cankdeska Cikana College<\/li>\n\n\n\n<li>7 de mayo: concierto en Waubay Reservation<\/li>\n\n\n\n<li>8 de mayo: Concierto Thief River Falls Reservation<\/li>\n\n\n\n<li>8 de mayo: Concierto Crookston<\/li>\n\n\n\n<li>10 de mayo: Concierto OIANT + Grand Forks Symphony Orchestra, Grand Forks (ND)<\/li>\n\n\n\n<li>13 de mayo: Intercambio Cultural y Concierto en Proyecto \u201cRecomposing America\u201d \/ American Composers Forum &amp; Indigenous Roots, Minneapolis (MN)<\/li>\n<\/ul>\n\n\n\n<p>14 de mayo: Conferencia y Workshop en University of Minnesota<\/p>\n","protected":false},"excerpt":{"rendered":"<p>Ganadora de la Convocatoria Especial Iberm\u00fasicas \u2013 Mid Atlantic Arts 2024, la OIANT ha sido invitada por las Reservaciones Ind\u00edgenas a realizar seminarios, conciertos y a dialogar con los referentes espirituales de las Naciones Nativas de Minnesota, Dakota del Sur y Dakota del Norte. La Orquesta de Instrumentos Aut\u00f3ctonos y Nuevas Tecnolog\u00edas (OIANT) de la [&hellip;]<\/p>\n","protected":false},"author":7,"featured_media":27966,"comment_status":"closed","ping_status":"closed","sticky":false,"template":"","format":"standard","meta":{"_monsterinsights_skip_tracking":false,"_monsterinsights_sitenote_active":false,"_monsterinsights_sitenote_note":"","_monsterinsights_sitenote_category":0,"footnotes":""},"categories":[53,48],"tags":[],"class_list":["post-28144","post","type-post","status-publish","format-standard","has-post-thumbnail","hentry","category-noticias-generales","category-noticias-rotativas"],"lang":"es","translations":{"es":28144,"pt":28146},"pll_sync_post":[],"post_mailing_queue_ids":[],"_links":{"self":[{"href":"https:\/\/www.ibermusicas.org\/index.php\/wp-json\/wp\/v2\/posts\/28144","targetHints":{"allow":["GET"]}}],"collection":[{"href":"https:\/\/www.ibermusicas.org\/index.php\/wp-json\/wp\/v2\/posts"}],"about":[{"href":"https:\/\/www.ibermusicas.org\/index.php\/wp-json\/wp\/v2\/types\/post"}],"author":[{"embeddable":true,"href":"https:\/\/www.ibermusicas.org\/index.php\/wp-json\/wp\/v2\/users\/7"}],"replies":[{"embeddable":true,"href":"https:\/\/www.ibermusicas.org\/index.php\/wp-json\/wp\/v2\/comments?post=28144"}],"version-history":[{"count":1,"href":"https:\/\/www.ibermusicas.org\/index.php\/wp-json\/wp\/v2\/posts\/28144\/revisions"}],"predecessor-version":[{"id":28145,"href":"https:\/\/www.ibermusicas.org\/index.php\/wp-json\/wp\/v2\/posts\/28144\/revisions\/28145"}],"wp:featuredmedia":[{"embeddable":true,"href":"https:\/\/www.ibermusicas.org\/index.php\/wp-json\/wp\/v2\/media\/27966"}],"wp:attachment":[{"href":"https:\/\/www.ibermusicas.org\/index.php\/wp-json\/wp\/v2\/media?parent=28144"}],"wp:term":[{"taxonomy":"category","embeddable":true,"href":"https:\/\/www.ibermusicas.org\/index.php\/wp-json\/wp\/v2\/categories?post=28144"},{"taxonomy":"post_tag","embeddable":true,"href":"https:\/\/www.ibermusicas.org\/index.php\/wp-json\/wp\/v2\/tags?post=28144"}],"curies":[{"name":"wp","href":"https:\/\/api.w.org\/{rel}","templated":true}]}}