{"id":28146,"date":"2026-04-30T14:07:00","date_gmt":"2026-04-30T14:07:00","guid":{"rendered":"https:\/\/www.ibermusicas.org\/?p=28146"},"modified":"2026-04-30T14:07:02","modified_gmt":"2026-04-30T14:07:02","slug":"continua-a-turne-pelos-estados-unidos-da-orquestra-de-instrumentos-autoctones-e-novas-tecnologias-oiant-da-argentina","status":"publish","type":"post","link":"https:\/\/www.ibermusicas.org\/index.php\/continua-a-turne-pelos-estados-unidos-da-orquestra-de-instrumentos-autoctones-e-novas-tecnologias-oiant-da-argentina\/","title":{"rendered":"Continua a turn\u00ea pelos Estados Unidos da Orquestra de Instrumentos Aut\u00f3ctones e Novas Tecnologias (OIANT) da Argentina"},"content":{"rendered":"\n<p>Vencedora da Convocat\u00f3ria Especial Iberm\u00fasicas \u2013 Mid Atlantic Arts 2024, a OIANT foi convidada pelas Reservas Ind\u00edgenas para realizar semin\u00e1rios, concertos e dialogar com lideran\u00e7as espirituais das Na\u00e7\u00f5es Nativas de Minnesota, Dakota do Sul e Dakota do Norte. A Orquestra de Instrumentos Aut\u00f3ctones e Novas Tecnologias (OIANT) da Universidade Nacional de Tres de Febrero, dirigida por Alejandro Iglesias Rossi, realizar\u00e1 tamb\u00e9m concertos sinf\u00f4nicos e de c\u00e2mara no Berklee College of Music (Boston), bem como em Nova York, Washington D.C., Minneapolis, Grand Forks, Virg\u00ednia e Baltimore.<\/p>\n\n\n\n<p>A turn\u00ea \u201cSons da Am\u00e9rica Oculta\u201d \u00e9 apresentada por destacadas institui\u00e7\u00f5es culturais como Indigenous Roots, American Composers Forum, North Dakota Museum of Art, Grand Forks Symphony Orchestra e Artworking Productions, junto com Iberm\u00fasicas e Mid Atlantic Arts.<\/p>\n\n\n\n<p>A turn\u00ea culminar\u00e1 com um concerto sinf\u00f4nico junto \u00e0 Grand Forks Symphony Orchestra, bem como concertos solo da OIANT no North Dakota Museum of Art, no Indigenous Roots Cultural Center e na University of Minnesota.<\/p>\n\n\n\n<p>Ao mesmo tempo, realizar\u00e3o pesquisa sobre instrumentos aut\u00f3ctones na Library of Congress (Washington D.C.), assim como no Walters Museum (Baltimore).<\/p>\n\n\n\n<p>Fundada em 2004 por Alejandro Iglesias Rossi e Susana Ferreres, a OIANT confere aos instrumentos nativos da Am\u00e9rica a mesma \u201cdignidade ontol\u00f3gica\u201d que aos instrumentos herdados da tradi\u00e7\u00e3o europeia e desenvolve um trabalho interdisciplinar que abrange as \u00e1reas de composi\u00e7\u00e3o, interpreta\u00e7\u00e3o, luteria, tecnologia, coreografia, cenografia, cria\u00e7\u00e3o de m\u00e1scaras e doc\u00eancia, buscando assim reunir as diferentes \u00e1reas do conhecimento relacionadas \u00e0 m\u00fasica.<\/p>\n\n\n\n<p>Seus integrantes s\u00e3o, ao mesmo tempo, criadores e int\u00e9rpretes de suas pr\u00f3prias obras, construtores dos instrumentos que executam, assim como das m\u00e1scaras utilizadas em concerto, e apresentam seu trabalho interdisciplinar realizando um percurso pela geografia sonora do continente, tanto com m\u00fasica tradicional quanto com composi\u00e7\u00f5es contempor\u00e2neas, fundindo instrumentos milenares (Maias, Astecas, Incas, Mochicas, Nazcas) com tecnologias digitais.<strong><\/strong><\/p>\n\n\n\n<ul class=\"wp-block-list\">\n<li>3 de maio: Concerto no North Dakota Museum of Art, Grand Forks (ND)<\/li>\n\n\n\n<li>5 de maio: Turtle Mountain Reservation \/ Interc\u00e2mbio Cultural e Festival de M\u00fasica de C\u00e2mara \u201cSounds of the Prairie\u201d (Reservas e escolas de Dakota do Norte e Dakota do Sul)<\/li>\n\n\n\n<li>6 de maio: Interc\u00e2mbio Cultural e Festival de M\u00fasica de C\u00e2mara, Cankdeska Cikana College<\/li>\n\n\n\n<li>7 de maio: concerto na Waubay Reservation<\/li>\n\n\n\n<li>8 de maio: Concerto na Thief River Falls Reservation<\/li>\n\n\n\n<li>8 de maio: Concerto em Crookston<\/li>\n\n\n\n<li>10 de maio: Concerto OIANT + Grand Forks Symphony Orchestra, Grand Forks (ND)<\/li>\n\n\n\n<li>13 de maio: Interc\u00e2mbio Cultural e Concerto no projeto \u201cRecomposing America\u201d \/ American Composers Forum &amp; Indigenous Roots, Minneapolis (MN)<\/li>\n\n\n\n<li>14 de maio: Confer\u00eancia e workshop na University of Minnesota<\/li>\n\n\n\n<li><\/li>\n<\/ul>\n","protected":false},"excerpt":{"rendered":"<p>Vencedora da Convocat\u00f3ria Especial Iberm\u00fasicas \u2013 Mid Atlantic Arts 2024, a OIANT foi convidada pelas Reservas Ind\u00edgenas para realizar semin\u00e1rios, concertos e dialogar com lideran\u00e7as espirituais das Na\u00e7\u00f5es Nativas de Minnesota, Dakota do Sul e Dakota do Norte. A Orquestra de Instrumentos Aut\u00f3ctones e Novas Tecnologias (OIANT) da Universidade Nacional de Tres de Febrero, dirigida [&hellip;]<\/p>\n","protected":false},"author":7,"featured_media":27966,"comment_status":"closed","ping_status":"closed","sticky":false,"template":"","format":"standard","meta":{"_monsterinsights_skip_tracking":false,"_monsterinsights_sitenote_active":false,"_monsterinsights_sitenote_note":"","_monsterinsights_sitenote_category":0,"footnotes":""},"categories":[218,222],"tags":[],"class_list":["post-28146","post","type-post","status-publish","format-standard","has-post-thumbnail","hentry","category-noticias-generales-pt","category-noticias-rotativas-pt"],"lang":"pt","translations":{"pt":28146,"es":28144},"pll_sync_post":[],"post_mailing_queue_ids":[],"_links":{"self":[{"href":"https:\/\/www.ibermusicas.org\/index.php\/wp-json\/wp\/v2\/posts\/28146","targetHints":{"allow":["GET"]}}],"collection":[{"href":"https:\/\/www.ibermusicas.org\/index.php\/wp-json\/wp\/v2\/posts"}],"about":[{"href":"https:\/\/www.ibermusicas.org\/index.php\/wp-json\/wp\/v2\/types\/post"}],"author":[{"embeddable":true,"href":"https:\/\/www.ibermusicas.org\/index.php\/wp-json\/wp\/v2\/users\/7"}],"replies":[{"embeddable":true,"href":"https:\/\/www.ibermusicas.org\/index.php\/wp-json\/wp\/v2\/comments?post=28146"}],"version-history":[{"count":2,"href":"https:\/\/www.ibermusicas.org\/index.php\/wp-json\/wp\/v2\/posts\/28146\/revisions"}],"predecessor-version":[{"id":28148,"href":"https:\/\/www.ibermusicas.org\/index.php\/wp-json\/wp\/v2\/posts\/28146\/revisions\/28148"}],"wp:featuredmedia":[{"embeddable":true,"href":"https:\/\/www.ibermusicas.org\/index.php\/wp-json\/wp\/v2\/media\/27966"}],"wp:attachment":[{"href":"https:\/\/www.ibermusicas.org\/index.php\/wp-json\/wp\/v2\/media?parent=28146"}],"wp:term":[{"taxonomy":"category","embeddable":true,"href":"https:\/\/www.ibermusicas.org\/index.php\/wp-json\/wp\/v2\/categories?post=28146"},{"taxonomy":"post_tag","embeddable":true,"href":"https:\/\/www.ibermusicas.org\/index.php\/wp-json\/wp\/v2\/tags?post=28146"}],"curies":[{"name":"wp","href":"https:\/\/api.w.org\/{rel}","templated":true}]}}