{"id":28149,"date":"2026-04-30T14:11:57","date_gmt":"2026-04-30T14:11:57","guid":{"rendered":"https:\/\/www.ibermusicas.org\/?p=28149"},"modified":"2026-04-30T14:11:59","modified_gmt":"2026-04-30T14:11:59","slug":"fenna-frei-inicia-su-residencia-en-finlandia-con-su-proyecto-sigsegv-cuando-la-falla-se-vuelve-resistencia","status":"publish","type":"post","link":"https:\/\/www.ibermusicas.org\/index.php\/fenna-frei-inicia-su-residencia-en-finlandia-con-su-proyecto-sigsegv-cuando-la-falla-se-vuelve-resistencia\/","title":{"rendered":"Fenna Frei inicia su residencia en Finlandia con su proyecto SIGSEGV \u2013 Cuando la falla se vuelve resistencia"},"content":{"rendered":"\n<p><em>SIGSEGV \u2013 Cuando la falla se vuelve resistencia<\/em>, es un proyecto sonoro y perform\u00e1tico desarrollado por la artista Fenna Frei que explora la tensi\u00f3n entre lo org\u00e1nico y lo digital a trav\u00e9s de la improvisaci\u00f3n, la m\u00fasica electr\u00f3nica y la performance. Durante la residencia, la artista desarrollar\u00e1 dos piezas principalmente instrumentales, trabajando con voz, s\u00edntesis (granular y sustractiva), secuencias y <em>live looping.<\/em><\/p>\n\n\n\n<p>El proceso incluye investigaci\u00f3n art\u00edstica sobre los impactos sociales, culturales y ambientales de las nuevas tecnolog\u00edas, colaboraci\u00f3n a distancia con una artista visual para el desarrollo de visuales que se integrar\u00e1n a la obra, y la realizaci\u00f3n de una <em>live session<\/em> o concierto como cierre de residencia. Como actividad educativa complementaria, se brindar\u00e1 un taller gratuito a la comunidad local.<\/p>\n\n\n\n<p>Fenna Frei es el nombre art\u00edstico de Candela Cibri\u00e1n. Es cantante, compositora, productora musical, t\u00e9cnica en producci\u00f3n musical (UCA) y performer argentina radicada en Ciudad de M\u00e9xico. Su trabajo se mueve entre el pop experimental, la electr\u00f3nica emocional, el IDM y la performance sonora. Cuenta con m\u00e1s de 10 a\u00f1os de experiencia en producci\u00f3n musical y live sets electr\u00f3nicos. Tambi\u00e9n tiene formaci\u00f3n actoral y experiencia esc\u00e9nica, con 2 a\u00f1os como actriz en musicales en la Calle Corrientes, y proviene de una familia de reconocida trayectoria en cine y teatro, Cibri\u00e1n Campoy. Su obra propone narrativas sonoras inmersivas donde la voz, los sintetizadores y el cuerpo funcionan como un solo instrumento, con foco en la visibilizaci\u00f3n de mujeres en el \u00e1mbito del sonido y la producci\u00f3n musical.<\/p>\n\n\n\n<p>Este proyecto de Fenna Frei ha sido ganador en la l\u00ednea de \u201cAyuda a artistas e investigadores para residencias\u201d del Programa Iberm\u00fasicas, convocatoria 2025.<\/p>\n\n\n\n<ul class=\"wp-block-list\">\n<li>Del 4 al 29 de mayo en Fish Factory \u2013 Creative Centre, St\u00f6\u00f0varfj\u00f6r\u00f0ur, Islandia<\/li>\n<\/ul>\n","protected":false},"excerpt":{"rendered":"<p>SIGSEGV \u2013 Cuando la falla se vuelve resistencia, es un proyecto sonoro y perform\u00e1tico desarrollado por la artista Fenna Frei que explora la tensi\u00f3n entre lo org\u00e1nico y lo digital a trav\u00e9s de la improvisaci\u00f3n, la m\u00fasica electr\u00f3nica y la performance. Durante la residencia, la artista desarrollar\u00e1 dos piezas principalmente instrumentales, trabajando con voz, s\u00edntesis [&hellip;]<\/p>\n","protected":false},"author":7,"featured_media":28150,"comment_status":"closed","ping_status":"closed","sticky":false,"template":"","format":"standard","meta":{"_monsterinsights_skip_tracking":false,"_monsterinsights_sitenote_active":false,"_monsterinsights_sitenote_note":"","_monsterinsights_sitenote_category":0,"footnotes":""},"categories":[53,48],"tags":[],"class_list":["post-28149","post","type-post","status-publish","format-standard","has-post-thumbnail","hentry","category-noticias-generales","category-noticias-rotativas"],"lang":"es","translations":{"es":28149,"pt":28152},"pll_sync_post":[],"post_mailing_queue_ids":[],"_links":{"self":[{"href":"https:\/\/www.ibermusicas.org\/index.php\/wp-json\/wp\/v2\/posts\/28149","targetHints":{"allow":["GET"]}}],"collection":[{"href":"https:\/\/www.ibermusicas.org\/index.php\/wp-json\/wp\/v2\/posts"}],"about":[{"href":"https:\/\/www.ibermusicas.org\/index.php\/wp-json\/wp\/v2\/types\/post"}],"author":[{"embeddable":true,"href":"https:\/\/www.ibermusicas.org\/index.php\/wp-json\/wp\/v2\/users\/7"}],"replies":[{"embeddable":true,"href":"https:\/\/www.ibermusicas.org\/index.php\/wp-json\/wp\/v2\/comments?post=28149"}],"version-history":[{"count":1,"href":"https:\/\/www.ibermusicas.org\/index.php\/wp-json\/wp\/v2\/posts\/28149\/revisions"}],"predecessor-version":[{"id":28151,"href":"https:\/\/www.ibermusicas.org\/index.php\/wp-json\/wp\/v2\/posts\/28149\/revisions\/28151"}],"wp:featuredmedia":[{"embeddable":true,"href":"https:\/\/www.ibermusicas.org\/index.php\/wp-json\/wp\/v2\/media\/28150"}],"wp:attachment":[{"href":"https:\/\/www.ibermusicas.org\/index.php\/wp-json\/wp\/v2\/media?parent=28149"}],"wp:term":[{"taxonomy":"category","embeddable":true,"href":"https:\/\/www.ibermusicas.org\/index.php\/wp-json\/wp\/v2\/categories?post=28149"},{"taxonomy":"post_tag","embeddable":true,"href":"https:\/\/www.ibermusicas.org\/index.php\/wp-json\/wp\/v2\/tags?post=28149"}],"curies":[{"name":"wp","href":"https:\/\/api.w.org\/{rel}","templated":true}]}}