{"id":28152,"date":"2026-04-30T14:42:06","date_gmt":"2026-04-30T14:42:06","guid":{"rendered":"https:\/\/www.ibermusicas.org\/?p=28152"},"modified":"2026-04-30T14:42:08","modified_gmt":"2026-04-30T14:42:08","slug":"fenna-frei-inicia-sua-residencia-na-finlandia-com-seu-projeto-sigsegv-quando-a-falha-se-torna-resistencia","status":"publish","type":"post","link":"https:\/\/www.ibermusicas.org\/index.php\/fenna-frei-inicia-sua-residencia-na-finlandia-com-seu-projeto-sigsegv-quando-a-falha-se-torna-resistencia\/","title":{"rendered":"Fenna Frei inicia sua resid\u00eancia na Finl\u00e2ndia com seu projeto SIGSEGV \u2013 Quando a falha se torna resist\u00eancia"},"content":{"rendered":"\n<p><em>SIGSEGV \u2013 Quando a falha se torna resist\u00eancia<\/em> \u00e9 um projeto sonoro e perform\u00e1tico desenvolvido pela artista Fenna Frei que explora a tens\u00e3o entre o org\u00e2nico e o digital por meio da improvisa\u00e7\u00e3o, da m\u00fasica eletr\u00f4nica e da performance. Durante a resid\u00eancia, a artista desenvolver\u00e1 duas pe\u00e7as predominantemente instrumentais, trabalhando com voz, s\u00edntese (granular e subtrativa), sequ\u00eancias e <em>live looping<\/em>.<\/p>\n\n\n\n<p>O processo inclui pesquisa art\u00edstica sobre os impactos sociais, culturais e ambientais das novas tecnologias, colabora\u00e7\u00e3o a dist\u00e2ncia com uma artista visual para o desenvolvimento de elementos visuais que ser\u00e3o integrados \u00e0 obra, e a realiza\u00e7\u00e3o de uma <em>live session<\/em> ou concerto como encerramento da resid\u00eancia. Como atividade educativa complementar, ser\u00e1 oferecida uma oficina gratuita \u00e0 comunidade local.<\/p>\n\n\n\n<p>Fenna Frei \u00e9 o nome art\u00edstico de Candela Cibri\u00e1n. \u00c9 cantora, compositora, produtora musical, t\u00e9cnica em produ\u00e7\u00e3o musical (UCA) e performer argentina radicada na Cidade do M\u00e9xico. Seu trabalho transita entre o pop experimental, a eletr\u00f4nica emocional, o IDM e a performance sonora. Possui mais de 10 anos de experi\u00eancia em produ\u00e7\u00e3o musical e <em>live sets<\/em> eletr\u00f4nicos. Tamb\u00e9m tem forma\u00e7\u00e3o em atua\u00e7\u00e3o e experi\u00eancia c\u00eanica, com dois anos como atriz em musicais na Calle Corrientes, e prov\u00e9m de uma fam\u00edlia de reconhecida trajet\u00f3ria no cinema e no teatro, Cibri\u00e1n Campoy. Sua obra prop\u00f5e narrativas sonoras imersivas nas quais a voz, os sintetizadores e o corpo funcionam como um \u00fanico instrumento, com foco na visibiliza\u00e7\u00e3o das mulheres no campo do som e da produ\u00e7\u00e3o musical.<\/p>\n\n\n\n<p>Este projeto de Fenna Frei foi contemplado na linha de \u201cAjuda a artistas e pesquisadores para resid\u00eancias\u201d do Programa Iberm\u00fasicas, convocat\u00f3ria 2025.<\/p>\n\n\n\n<ul class=\"wp-block-list\">\n<li>De 4 a 29 de maio, na Fish Factory \u2013 Creative Centre, St\u00f6\u00f0varfj\u00f6r\u00f0ur, Isl\u00e2ndia<\/li>\n<\/ul>\n\n\n\n<p><\/p>\n","protected":false},"excerpt":{"rendered":"<p>SIGSEGV \u2013 Quando a falha se torna resist\u00eancia \u00e9 um projeto sonoro e perform\u00e1tico desenvolvido pela artista Fenna Frei que explora a tens\u00e3o entre o org\u00e2nico e o digital por meio da improvisa\u00e7\u00e3o, da m\u00fasica eletr\u00f4nica e da performance. Durante a resid\u00eancia, a artista desenvolver\u00e1 duas pe\u00e7as predominantemente instrumentais, trabalhando com voz, s\u00edntese (granular e [&hellip;]<\/p>\n","protected":false},"author":7,"featured_media":28150,"comment_status":"closed","ping_status":"closed","sticky":false,"template":"","format":"standard","meta":{"_monsterinsights_skip_tracking":false,"_monsterinsights_sitenote_active":false,"_monsterinsights_sitenote_note":"","_monsterinsights_sitenote_category":0,"footnotes":""},"categories":[218,222],"tags":[],"class_list":["post-28152","post","type-post","status-publish","format-standard","has-post-thumbnail","hentry","category-noticias-generales-pt","category-noticias-rotativas-pt"],"lang":"pt","translations":{"pt":28152,"es":28149},"pll_sync_post":[],"post_mailing_queue_ids":[],"_links":{"self":[{"href":"https:\/\/www.ibermusicas.org\/index.php\/wp-json\/wp\/v2\/posts\/28152","targetHints":{"allow":["GET"]}}],"collection":[{"href":"https:\/\/www.ibermusicas.org\/index.php\/wp-json\/wp\/v2\/posts"}],"about":[{"href":"https:\/\/www.ibermusicas.org\/index.php\/wp-json\/wp\/v2\/types\/post"}],"author":[{"embeddable":true,"href":"https:\/\/www.ibermusicas.org\/index.php\/wp-json\/wp\/v2\/users\/7"}],"replies":[{"embeddable":true,"href":"https:\/\/www.ibermusicas.org\/index.php\/wp-json\/wp\/v2\/comments?post=28152"}],"version-history":[{"count":2,"href":"https:\/\/www.ibermusicas.org\/index.php\/wp-json\/wp\/v2\/posts\/28152\/revisions"}],"predecessor-version":[{"id":28154,"href":"https:\/\/www.ibermusicas.org\/index.php\/wp-json\/wp\/v2\/posts\/28152\/revisions\/28154"}],"wp:featuredmedia":[{"embeddable":true,"href":"https:\/\/www.ibermusicas.org\/index.php\/wp-json\/wp\/v2\/media\/28150"}],"wp:attachment":[{"href":"https:\/\/www.ibermusicas.org\/index.php\/wp-json\/wp\/v2\/media?parent=28152"}],"wp:term":[{"taxonomy":"category","embeddable":true,"href":"https:\/\/www.ibermusicas.org\/index.php\/wp-json\/wp\/v2\/categories?post=28152"},{"taxonomy":"post_tag","embeddable":true,"href":"https:\/\/www.ibermusicas.org\/index.php\/wp-json\/wp\/v2\/tags?post=28152"}],"curies":[{"name":"wp","href":"https:\/\/api.w.org\/{rel}","templated":true}]}}