{"id":28155,"date":"2026-04-30T16:09:56","date_gmt":"2026-04-30T16:09:56","guid":{"rendered":"https:\/\/www.ibermusicas.org\/?p=28155"},"modified":"2026-04-30T16:09:58","modified_gmt":"2026-04-30T16:09:58","slug":"la-artista-ecuatoriana-adelhaid-inicia-una-gira-promocional-por-diferentes-espacios-de-la-ciudad-de-mexico","status":"publish","type":"post","link":"https:\/\/www.ibermusicas.org\/index.php\/la-artista-ecuatoriana-adelhaid-inicia-una-gira-promocional-por-diferentes-espacios-de-la-ciudad-de-mexico\/","title":{"rendered":"La artista ecuatoriana Adelhaid inicia una gira promocional por diferentes espacios de la Ciudad de M\u00e9xico"},"content":{"rendered":"\n<p>Adelhaid es un proyecto musical liderado por la cantautora ecuatoriana Denisse Lalama, que transita entre el rock alternativo y el pop alternativo, con una narrativa profundamente emocional, honesta y contempor\u00e1nea. Su propuesta se caracteriza por letras introspectivas, una est\u00e9tica visual potente y una conexi\u00f3n directa con audiencias j\u00f3venes y con la comunidad queer latinoamericana. Su trabajo combina m\u00fasica, relato visual y performance, posicion\u00e1ndola como una voz relevante dentro del circuito alternativo y queer latinoamericano.<\/p>\n\n\n\n<p>En octubre de 2024 lanz\u00f3 su \u00e1lbum hom\u00f3nimo Adelhaid, recibiendo una positiva respuesta del p\u00fablico y de medios especializados internacionales. Actualmente se encuentra trabajando en su nuevo disco 3:33, una obra conceptual que explora procesos de reconstrucci\u00f3n emocional, identidad, deseo y v\u00ednculos entre mujeres, articulada en tres actos narrativos.<\/p>\n\n\n\n<p>Adelhaid realizar\u00e1 una gira de presentaciones y actividades de promoci\u00f3n en la Ciudad de M\u00e9xico durante el mes de mayo de 2026, como parte de la circulaci\u00f3n internacional de su proyecto en articulaci\u00f3n con la agencia We Are The Point.<\/p>\n\n\n\n<p>Las actividades contempladas incluyen conciertos en foros culturales, entrevistas en medios de comunicaci\u00f3n, sesiones ac\u00fasticas, encuentros con p\u00fablicos locales y acciones de networking con colectivos y agentes de la escena musical independiente mexicana.<\/p>\n\n\n\n<ul class=\"wp-block-list\">\n<li>8 de mayo, 20h: Museo del Pulque<\/li>\n\n\n\n<li>9 de mayo, 14h: Tianguis Cultural del Chopo<\/li>\n\n\n\n<li>15 de mayo, 22h: Capit\u00e1n Gallo<\/li>\n<\/ul>\n","protected":false},"excerpt":{"rendered":"<p>Adelhaid es un proyecto musical liderado por la cantautora ecuatoriana Denisse Lalama, que transita entre el rock alternativo y el pop alternativo, con una narrativa profundamente emocional, honesta y contempor\u00e1nea. Su propuesta se caracteriza por letras introspectivas, una est\u00e9tica visual potente y una conexi\u00f3n directa con audiencias j\u00f3venes y con la comunidad queer latinoamericana. Su [&hellip;]<\/p>\n","protected":false},"author":7,"featured_media":28156,"comment_status":"closed","ping_status":"closed","sticky":false,"template":"","format":"standard","meta":{"_monsterinsights_skip_tracking":false,"_monsterinsights_sitenote_active":false,"_monsterinsights_sitenote_note":"","_monsterinsights_sitenote_category":0,"footnotes":""},"categories":[53,48],"tags":[],"class_list":["post-28155","post","type-post","status-publish","format-standard","has-post-thumbnail","hentry","category-noticias-generales","category-noticias-rotativas"],"lang":"es","translations":{"es":28155,"pt":28158},"pll_sync_post":[],"post_mailing_queue_ids":[],"_links":{"self":[{"href":"https:\/\/www.ibermusicas.org\/index.php\/wp-json\/wp\/v2\/posts\/28155","targetHints":{"allow":["GET"]}}],"collection":[{"href":"https:\/\/www.ibermusicas.org\/index.php\/wp-json\/wp\/v2\/posts"}],"about":[{"href":"https:\/\/www.ibermusicas.org\/index.php\/wp-json\/wp\/v2\/types\/post"}],"author":[{"embeddable":true,"href":"https:\/\/www.ibermusicas.org\/index.php\/wp-json\/wp\/v2\/users\/7"}],"replies":[{"embeddable":true,"href":"https:\/\/www.ibermusicas.org\/index.php\/wp-json\/wp\/v2\/comments?post=28155"}],"version-history":[{"count":1,"href":"https:\/\/www.ibermusicas.org\/index.php\/wp-json\/wp\/v2\/posts\/28155\/revisions"}],"predecessor-version":[{"id":28157,"href":"https:\/\/www.ibermusicas.org\/index.php\/wp-json\/wp\/v2\/posts\/28155\/revisions\/28157"}],"wp:featuredmedia":[{"embeddable":true,"href":"https:\/\/www.ibermusicas.org\/index.php\/wp-json\/wp\/v2\/media\/28156"}],"wp:attachment":[{"href":"https:\/\/www.ibermusicas.org\/index.php\/wp-json\/wp\/v2\/media?parent=28155"}],"wp:term":[{"taxonomy":"category","embeddable":true,"href":"https:\/\/www.ibermusicas.org\/index.php\/wp-json\/wp\/v2\/categories?post=28155"},{"taxonomy":"post_tag","embeddable":true,"href":"https:\/\/www.ibermusicas.org\/index.php\/wp-json\/wp\/v2\/tags?post=28155"}],"curies":[{"name":"wp","href":"https:\/\/api.w.org\/{rel}","templated":true}]}}