{"id":28158,"date":"2026-04-30T16:21:39","date_gmt":"2026-04-30T16:21:39","guid":{"rendered":"https:\/\/www.ibermusicas.org\/?p=28158"},"modified":"2026-04-30T16:21:41","modified_gmt":"2026-04-30T16:21:41","slug":"a-artista-equatoriana-adelhaid-inicia-uma-turne-promocional-por-diferentes-espacos-da-cidade-do-mexico","status":"publish","type":"post","link":"https:\/\/www.ibermusicas.org\/index.php\/a-artista-equatoriana-adelhaid-inicia-uma-turne-promocional-por-diferentes-espacos-da-cidade-do-mexico\/","title":{"rendered":"A artista equatoriana Adelhaid inicia uma turn\u00ea promocional por diferentes espa\u00e7os da Cidade do M\u00e9xico"},"content":{"rendered":"\n<p>Adelhaid \u00e9 um projeto musical liderado pela cantora e compositora equatoriana Denisse Lalama, que transita entre o rock alternativo e o pop alternativo, com uma narrativa profundamente emocional, honesta e contempor\u00e2nea. Sua proposta se caracteriza por letras introspectivas, uma est\u00e9tica visual potente e uma conex\u00e3o direta com p\u00fablicos jovens e com a comunidade queer latino-americana. Seu trabalho combina m\u00fasica, narrativa visual e performance, posicionando-a como uma voz relevante dentro do circuito alternativo e queer latino-americano.<\/p>\n\n\n\n<p>Em outubro de 2024, lan\u00e7ou seu \u00e1lbum hom\u00f4nimo Adelhaid, recebendo uma resposta positiva do p\u00fablico e da imprensa especializada internacional. Atualmente, est\u00e1 trabalhando em seu novo disco 3:33, uma obra conceitual que explora processos de reconstru\u00e7\u00e3o emocional, identidade, desejo e v\u00ednculos entre mulheres, estruturada em tr\u00eas atos narrativos.<\/p>\n\n\n\n<p>Adelhaid realizar\u00e1 uma turn\u00ea de apresenta\u00e7\u00f5es e atividades promocionais na Cidade do M\u00e9xico durante o m\u00eas de maio de 2026, como parte da circula\u00e7\u00e3o internacional de seu projeto, em articula\u00e7\u00e3o com a ag\u00eancia We Are The Point.<\/p>\n\n\n\n<p>As atividades previstas incluem concertos em espa\u00e7os culturais, entrevistas em meios de comunica\u00e7\u00e3o, sess\u00f5es ac\u00fasticas, encontros com p\u00fablicos locais e a\u00e7\u00f5es de networking com coletivos e agentes da cena musical independente mexicana.<\/p>\n\n\n\n<ul class=\"wp-block-list\">\n<li>8 de maio, 20h: Museo del Pulque<\/li>\n\n\n\n<li>9 de maio, 14h: Tianguis Cultural del Chopo<\/li>\n\n\n\n<li>15 de maio, 22h: Capit\u00e1n Gallo<\/li>\n<\/ul>\n\n\n\n<p><\/p>\n","protected":false},"excerpt":{"rendered":"<p>Adelhaid \u00e9 um projeto musical liderado pela cantora e compositora equatoriana Denisse Lalama, que transita entre o rock alternativo e o pop alternativo, com uma narrativa profundamente emocional, honesta e contempor\u00e2nea. Sua proposta se caracteriza por letras introspectivas, uma est\u00e9tica visual potente e uma conex\u00e3o direta com p\u00fablicos jovens e com a comunidade queer latino-americana. [&hellip;]<\/p>\n","protected":false},"author":7,"featured_media":28156,"comment_status":"closed","ping_status":"closed","sticky":false,"template":"","format":"standard","meta":{"_monsterinsights_skip_tracking":false,"_monsterinsights_sitenote_active":false,"_monsterinsights_sitenote_note":"","_monsterinsights_sitenote_category":0,"footnotes":""},"categories":[218,222],"tags":[],"class_list":["post-28158","post","type-post","status-publish","format-standard","has-post-thumbnail","hentry","category-noticias-generales-pt","category-noticias-rotativas-pt"],"lang":"pt","translations":{"pt":28158,"es":28155},"pll_sync_post":[],"post_mailing_queue_ids":[],"_links":{"self":[{"href":"https:\/\/www.ibermusicas.org\/index.php\/wp-json\/wp\/v2\/posts\/28158","targetHints":{"allow":["GET"]}}],"collection":[{"href":"https:\/\/www.ibermusicas.org\/index.php\/wp-json\/wp\/v2\/posts"}],"about":[{"href":"https:\/\/www.ibermusicas.org\/index.php\/wp-json\/wp\/v2\/types\/post"}],"author":[{"embeddable":true,"href":"https:\/\/www.ibermusicas.org\/index.php\/wp-json\/wp\/v2\/users\/7"}],"replies":[{"embeddable":true,"href":"https:\/\/www.ibermusicas.org\/index.php\/wp-json\/wp\/v2\/comments?post=28158"}],"version-history":[{"count":2,"href":"https:\/\/www.ibermusicas.org\/index.php\/wp-json\/wp\/v2\/posts\/28158\/revisions"}],"predecessor-version":[{"id":28160,"href":"https:\/\/www.ibermusicas.org\/index.php\/wp-json\/wp\/v2\/posts\/28158\/revisions\/28160"}],"wp:featuredmedia":[{"embeddable":true,"href":"https:\/\/www.ibermusicas.org\/index.php\/wp-json\/wp\/v2\/media\/28156"}],"wp:attachment":[{"href":"https:\/\/www.ibermusicas.org\/index.php\/wp-json\/wp\/v2\/media?parent=28158"}],"wp:term":[{"taxonomy":"category","embeddable":true,"href":"https:\/\/www.ibermusicas.org\/index.php\/wp-json\/wp\/v2\/categories?post=28158"},{"taxonomy":"post_tag","embeddable":true,"href":"https:\/\/www.ibermusicas.org\/index.php\/wp-json\/wp\/v2\/tags?post=28158"}],"curies":[{"name":"wp","href":"https:\/\/api.w.org\/{rel}","templated":true}]}}