{"id":28161,"date":"2026-04-30T16:25:11","date_gmt":"2026-04-30T16:25:11","guid":{"rendered":"https:\/\/www.ibermusicas.org\/?p=28161"},"modified":"2026-04-30T16:29:15","modified_gmt":"2026-04-30T16:29:15","slug":"la-artista-sonora-mexicana-valeria-espinosa-galan-presentara-su-proyecto-azoteistas-dentro-de-la-muestra-de-cine-latinoamericano-independiente-gestionada-por-la-cineteca-veracruz","status":"publish","type":"post","link":"https:\/\/www.ibermusicas.org\/index.php\/la-artista-sonora-mexicana-valeria-espinosa-galan-presentara-su-proyecto-azoteistas-dentro-de-la-muestra-de-cine-latinoamericano-independiente-gestionada-por-la-cineteca-veracruz\/","title":{"rendered":"La artista sonora mexicana Valeria Espinosa Gal\u00e1n presentar\u00e1 su proyecto Azote\u00edstas \u00a0dentro de la Muestra de Cine Latinoamericano Independiente, gestionada por la Cineteca Veracruz"},"content":{"rendered":"\n<p>Azote\u00edstas, proyecto musical de la compositora y artista sonora Valeria Espinosa Gal\u00e1n, en el cu\u00e1l convergen estilos de m\u00fasica como synthwave, neocl\u00e1sico, ambient y postpunk. Integra tambi\u00e9n recursos sonoros como poes\u00eda en voz alta y grabaciones experimentales para proponer una m\u00fasica que no pertenece a un g\u00e9nero espec\u00edfico pero que puede ser cercana a varios p\u00fablicos.<\/p>\n\n\n\n<p>Valeria Espinosa Gal\u00e1n, compositora y artista sonora originaria de Xalapa, Veracruz. Abarca g\u00e9neros como m\u00fasica experimental, acusm\u00e1tica, de concierto y electr\u00f3nica; en formatos esc\u00e9nicos, sonoros y de instalaci\u00f3n. Ha presentado obras en recintos emblem\u00e1ticos de M\u00e9xico como el Palacio de Bellas Artes, los Estudios Churubusco y la Cineteca Nacional, entre otros. Como instrumentista se ha presentado como solista en festivales como el Foro Internacional de M\u00fasica Nueva Manuel Enr\u00edquez.<\/p>\n\n\n\n<p>Actualmente estudia un posgrado en Creaci\u00f3n Sonora del M\u00e1ster en Arte Sonoro de la Universidad de Barcelona. La realizaci\u00f3n de este posgrado es posible en parte gracias al apoyo del Programa Iberm\u00fasicas, mediante su l\u00ednea de Ayuda a la especializaci\u00f3n y el perfeccionamiento art\u00edstico y t\u00e9cnico, convocatoria 2025.<\/p>\n\n\n\n<ul class=\"wp-block-list\">\n<li>8 de mayo: Sala Luis Garc\u00eda Berlanga de la Facultad de Ciencias de la Informaci\u00f3n de la Universidad Complutense de Madrid.<\/li>\n<\/ul>\n","protected":false},"excerpt":{"rendered":"<p>Azote\u00edstas, proyecto musical de la compositora y artista sonora Valeria Espinosa Gal\u00e1n, en el cu\u00e1l convergen estilos de m\u00fasica como synthwave, neocl\u00e1sico, ambient y postpunk. Integra tambi\u00e9n recursos sonoros como poes\u00eda en voz alta y grabaciones experimentales para proponer una m\u00fasica que no pertenece a un g\u00e9nero espec\u00edfico pero que puede ser cercana a varios [&hellip;]<\/p>\n","protected":false},"author":7,"featured_media":28162,"comment_status":"closed","ping_status":"closed","sticky":false,"template":"","format":"standard","meta":{"_monsterinsights_skip_tracking":false,"_monsterinsights_sitenote_active":false,"_monsterinsights_sitenote_note":"","_monsterinsights_sitenote_category":0,"footnotes":""},"categories":[52,48],"tags":[],"class_list":["post-28161","post","type-post","status-publish","format-standard","has-post-thumbnail","hentry","category-noticias-ibermusicas","category-noticias-rotativas"],"lang":"es","translations":{"es":28161,"pt":28164},"pll_sync_post":[],"post_mailing_queue_ids":[],"_links":{"self":[{"href":"https:\/\/www.ibermusicas.org\/index.php\/wp-json\/wp\/v2\/posts\/28161","targetHints":{"allow":["GET"]}}],"collection":[{"href":"https:\/\/www.ibermusicas.org\/index.php\/wp-json\/wp\/v2\/posts"}],"about":[{"href":"https:\/\/www.ibermusicas.org\/index.php\/wp-json\/wp\/v2\/types\/post"}],"author":[{"embeddable":true,"href":"https:\/\/www.ibermusicas.org\/index.php\/wp-json\/wp\/v2\/users\/7"}],"replies":[{"embeddable":true,"href":"https:\/\/www.ibermusicas.org\/index.php\/wp-json\/wp\/v2\/comments?post=28161"}],"version-history":[{"count":1,"href":"https:\/\/www.ibermusicas.org\/index.php\/wp-json\/wp\/v2\/posts\/28161\/revisions"}],"predecessor-version":[{"id":28163,"href":"https:\/\/www.ibermusicas.org\/index.php\/wp-json\/wp\/v2\/posts\/28161\/revisions\/28163"}],"wp:featuredmedia":[{"embeddable":true,"href":"https:\/\/www.ibermusicas.org\/index.php\/wp-json\/wp\/v2\/media\/28162"}],"wp:attachment":[{"href":"https:\/\/www.ibermusicas.org\/index.php\/wp-json\/wp\/v2\/media?parent=28161"}],"wp:term":[{"taxonomy":"category","embeddable":true,"href":"https:\/\/www.ibermusicas.org\/index.php\/wp-json\/wp\/v2\/categories?post=28161"},{"taxonomy":"post_tag","embeddable":true,"href":"https:\/\/www.ibermusicas.org\/index.php\/wp-json\/wp\/v2\/tags?post=28161"}],"curies":[{"name":"wp","href":"https:\/\/api.w.org\/{rel}","templated":true}]}}