{"id":28164,"date":"2026-04-30T16:38:06","date_gmt":"2026-04-30T16:38:06","guid":{"rendered":"https:\/\/www.ibermusicas.org\/?p=28164"},"modified":"2026-04-30T16:38:08","modified_gmt":"2026-04-30T16:38:08","slug":"a-artista-sonora-mexicana-valeria-espinosa-galan-apresentara-seu-projeto-azoteistas-dentro-da-mostra-de-cinema-latino-americano-independente-organizada-pela-cineteca-veracruz","status":"publish","type":"post","link":"https:\/\/www.ibermusicas.org\/index.php\/a-artista-sonora-mexicana-valeria-espinosa-galan-apresentara-seu-projeto-azoteistas-dentro-da-mostra-de-cinema-latino-americano-independente-organizada-pela-cineteca-veracruz\/","title":{"rendered":"A artista sonora mexicana Valeria Espinosa Gal\u00e1n apresentar\u00e1 seu projeto Azote\u00edstas dentro da Mostra de Cinema Latino-Americano Independente, organizada pela Cineteca Veracruz"},"content":{"rendered":"\n<p>Azote\u00edstas, projeto musical da compositora e artista sonora Valeria Espinosa Gal\u00e1n, no qual convergem estilos musicais como synthwave, neocl\u00e1ssico, ambient e post-punk. Integra tamb\u00e9m recursos sonoros como poesia em voz alta e grava\u00e7\u00f5es experimentais para propor uma m\u00fasica que n\u00e3o pertence a um g\u00eanero espec\u00edfico, mas que pode dialogar com diferentes p\u00fablicos.<\/p>\n\n\n\n<p>Valeria Espinosa Gal\u00e1n, compositora e artista sonora origin\u00e1ria de Xalapa, Veracruz, transita por g\u00eaneros como m\u00fasica experimental, acusm\u00e1tica, de concerto e eletr\u00f4nica; em formatos c\u00eanicos, sonoros e de instala\u00e7\u00e3o. J\u00e1 apresentou obras em espa\u00e7os emblem\u00e1ticos do M\u00e9xico como o Palacio de Bellas Artes, os Estudios Churubusco e a Cineteca Nacional, entre outros. Como instrumentista, apresentou-se como solista em festivais como o Foro Internacional de M\u00fasica Nueva Manuel Enr\u00edquez.<\/p>\n\n\n\n<p>Atualmente cursa uma p\u00f3s-gradua\u00e7\u00e3o em Cria\u00e7\u00e3o Sonora no Mestrado em Arte Sonora da Universidade de Barcelona. A realiza\u00e7\u00e3o desse curso \u00e9 poss\u00edvel, em parte, gra\u00e7as ao apoio do Programa Iberm\u00fasicas, por meio de sua linha de Apoio \u00e0 especializa\u00e7\u00e3o e ao aperfei\u00e7oamento art\u00edstico e t\u00e9cnico, convocat\u00f3ria 2025.<\/p>\n\n\n\n<ul class=\"wp-block-list\">\n<li>8 de maio: Sala Luis Garc\u00eda Berlanga da Faculdade de Ci\u00eancias da Informa\u00e7\u00e3o da Universidade Complutense de Madrid.<\/li>\n<\/ul>\n\n\n\n<p><\/p>\n","protected":false},"excerpt":{"rendered":"<p>Azote\u00edstas, projeto musical da compositora e artista sonora Valeria Espinosa Gal\u00e1n, no qual convergem estilos musicais como synthwave, neocl\u00e1ssico, ambient e post-punk. Integra tamb\u00e9m recursos sonoros como poesia em voz alta e grava\u00e7\u00f5es experimentais para propor uma m\u00fasica que n\u00e3o pertence a um g\u00eanero espec\u00edfico, mas que pode dialogar com diferentes p\u00fablicos. Valeria Espinosa Gal\u00e1n, [&hellip;]<\/p>\n","protected":false},"author":7,"featured_media":28162,"comment_status":"closed","ping_status":"closed","sticky":false,"template":"","format":"standard","meta":{"_monsterinsights_skip_tracking":false,"_monsterinsights_sitenote_active":false,"_monsterinsights_sitenote_note":"","_monsterinsights_sitenote_category":0,"footnotes":""},"categories":[220,222],"tags":[],"class_list":["post-28164","post","type-post","status-publish","format-standard","has-post-thumbnail","hentry","category-noticias-ibermusicas-pt","category-noticias-rotativas-pt"],"lang":"pt","translations":{"pt":28164,"es":28161},"pll_sync_post":[],"post_mailing_queue_ids":[],"_links":{"self":[{"href":"https:\/\/www.ibermusicas.org\/index.php\/wp-json\/wp\/v2\/posts\/28164","targetHints":{"allow":["GET"]}}],"collection":[{"href":"https:\/\/www.ibermusicas.org\/index.php\/wp-json\/wp\/v2\/posts"}],"about":[{"href":"https:\/\/www.ibermusicas.org\/index.php\/wp-json\/wp\/v2\/types\/post"}],"author":[{"embeddable":true,"href":"https:\/\/www.ibermusicas.org\/index.php\/wp-json\/wp\/v2\/users\/7"}],"replies":[{"embeddable":true,"href":"https:\/\/www.ibermusicas.org\/index.php\/wp-json\/wp\/v2\/comments?post=28164"}],"version-history":[{"count":2,"href":"https:\/\/www.ibermusicas.org\/index.php\/wp-json\/wp\/v2\/posts\/28164\/revisions"}],"predecessor-version":[{"id":28166,"href":"https:\/\/www.ibermusicas.org\/index.php\/wp-json\/wp\/v2\/posts\/28164\/revisions\/28166"}],"wp:featuredmedia":[{"embeddable":true,"href":"https:\/\/www.ibermusicas.org\/index.php\/wp-json\/wp\/v2\/media\/28162"}],"wp:attachment":[{"href":"https:\/\/www.ibermusicas.org\/index.php\/wp-json\/wp\/v2\/media?parent=28164"}],"wp:term":[{"taxonomy":"category","embeddable":true,"href":"https:\/\/www.ibermusicas.org\/index.php\/wp-json\/wp\/v2\/categories?post=28164"},{"taxonomy":"post_tag","embeddable":true,"href":"https:\/\/www.ibermusicas.org\/index.php\/wp-json\/wp\/v2\/tags?post=28164"}],"curies":[{"name":"wp","href":"https:\/\/api.w.org\/{rel}","templated":true}]}}