{"id":28167,"date":"2026-04-30T16:40:48","date_gmt":"2026-04-30T16:40:48","guid":{"rendered":"https:\/\/www.ibermusicas.org\/?p=28167"},"modified":"2026-04-30T16:40:50","modified_gmt":"2026-04-30T16:40:50","slug":"llega-la-segunda-edicion-del-floripa-dub-festival","status":"publish","type":"post","link":"https:\/\/www.ibermusicas.org\/index.php\/llega-la-segunda-edicion-del-floripa-dub-festival\/","title":{"rendered":"Llega la segunda edici\u00f3n del Floripa Dub Festival"},"content":{"rendered":"\n<p>El Floripa Dub Festival es un evento que se propone promover una forma democr\u00e1tica de acceso a contenidos que no circulan en los grandes medios, a trav\u00e9s de una experiencia de disfrute colectivo con un gran potencial para generar conciencia y ampliar el repertorio cultural disponible, adem\u00e1s de estimular la consolidaci\u00f3n de colaboraciones y alianzas entre los participantes de la escena musical de la ciudad de Florian\u00f3polis.<\/p>\n\n\n\n<p>Se realiz\u00f3 por primera vez en diciembre de 2024, contando con la presentaci\u00f3n de diversos artistas locales y artistas invitados de otras ciudades de Brasil. En esa primera edici\u00f3n, el proyecto fue seleccionado en la convocatoria de la Ley Paulo Gustavo en Santa Catarina 2023.<\/p>\n\n\n\n<p>Con el apoyo del Programa Iberm\u00fasicas, este a\u00f1o el Floripa Dub Festival invita al artista mexicano Mexican Stepper. Yasser Serrano, conocido por su nombre art\u00edstico Mexican Stepper, inici\u00f3 este proyecto en 2012 y desde entonces su misi\u00f3n ha sido llevar la m\u00fasica dub producida en M\u00e9xico a los cuatro rincones del mundo. Ha realizado seis giras por Europa, una por Am\u00e9rica del Norte y una por Am\u00e9rica del Sur, visitando alrededor de 21 pa\u00edses. Se ha presentado en importantes festivales como Dub Camp (Francia), Reggae Live Fest (M\u00e9xico), International Dub Gathering (Espa\u00f1a) y Tawai Dub Festival (Brasil), mostrando un trabajo de producci\u00f3n musical cargado de texturas y sabores latinoamericanos, temas relacionados a su ancestralidad amer\u00edndia, futurismo y conexi\u00f3n con la naturaleza.<\/p>\n\n\n\n<p>La segunda edici\u00f3n del festival contar\u00e1 con la participaci\u00f3n de artistas locales y artistas invitados, quienes presentar\u00e1n sus trabajos de investigaci\u00f3n y producci\u00f3n dentro del universo de los diversos g\u00e9neros musicales de origen jamaicano, como el ska, rocksteady, reggae, dub, dancehall y stepper, brindando al p\u00fablico una experiencia de escucha colectiva llena de informaci\u00f3n y conocimiento hist\u00f3rico sobre el contexto sociocultural en el que se desarrollaron los registros fonogr\u00e1ficos presentados. Adem\u00e1s de Yasser Serrano de M\u00e9xico, el festival contar\u00e1 con la presencia de la cantante colombiana Lyda Aguas.<\/p>\n\n\n\n<p>Esta segunda edici\u00f3n del festival fue ganadora de la convocatoria 2025 del Programa Iberm\u00fasicas en la l\u00ednea de \u201cApoyo a la programaci\u00f3n musical\u201d.<\/p>\n\n\n\n<ul class=\"wp-block-list\">\n<li>S\u00e1bado 9 de mayo, 22h: Steppers Night, Bar Deraiz, Av. Prefeito Ac\u00e1cio Garibaldi Santiago 1777, Florian\u00f3polis, Santa Catarina, Brasil<\/li>\n\n\n\n<li>Domingo 10 de mayo, 18h: Dia Nacional do Reggae, Bar Deraiz, Av. Prefeito Ac\u00e1cio Garibaldi Santiago 1777, Florian\u00f3polis, Santa Catarina, Brasil<\/li>\n<\/ul>\n","protected":false},"excerpt":{"rendered":"<p>El Floripa Dub Festival es un evento que se propone promover una forma democr\u00e1tica de acceso a contenidos que no circulan en los grandes medios, a trav\u00e9s de una experiencia de disfrute colectivo con un gran potencial para generar conciencia y ampliar el repertorio cultural disponible, adem\u00e1s de estimular la consolidaci\u00f3n de colaboraciones y alianzas [&hellip;]<\/p>\n","protected":false},"author":7,"featured_media":28168,"comment_status":"closed","ping_status":"closed","sticky":false,"template":"","format":"standard","meta":{"_monsterinsights_skip_tracking":false,"_monsterinsights_sitenote_active":false,"_monsterinsights_sitenote_note":"","_monsterinsights_sitenote_category":0,"footnotes":""},"categories":[53],"tags":[],"class_list":["post-28167","post","type-post","status-publish","format-standard","has-post-thumbnail","hentry","category-noticias-generales"],"lang":"es","translations":{"es":28167,"pt":28170},"pll_sync_post":[],"post_mailing_queue_ids":[],"_links":{"self":[{"href":"https:\/\/www.ibermusicas.org\/index.php\/wp-json\/wp\/v2\/posts\/28167","targetHints":{"allow":["GET"]}}],"collection":[{"href":"https:\/\/www.ibermusicas.org\/index.php\/wp-json\/wp\/v2\/posts"}],"about":[{"href":"https:\/\/www.ibermusicas.org\/index.php\/wp-json\/wp\/v2\/types\/post"}],"author":[{"embeddable":true,"href":"https:\/\/www.ibermusicas.org\/index.php\/wp-json\/wp\/v2\/users\/7"}],"replies":[{"embeddable":true,"href":"https:\/\/www.ibermusicas.org\/index.php\/wp-json\/wp\/v2\/comments?post=28167"}],"version-history":[{"count":1,"href":"https:\/\/www.ibermusicas.org\/index.php\/wp-json\/wp\/v2\/posts\/28167\/revisions"}],"predecessor-version":[{"id":28169,"href":"https:\/\/www.ibermusicas.org\/index.php\/wp-json\/wp\/v2\/posts\/28167\/revisions\/28169"}],"wp:featuredmedia":[{"embeddable":true,"href":"https:\/\/www.ibermusicas.org\/index.php\/wp-json\/wp\/v2\/media\/28168"}],"wp:attachment":[{"href":"https:\/\/www.ibermusicas.org\/index.php\/wp-json\/wp\/v2\/media?parent=28167"}],"wp:term":[{"taxonomy":"category","embeddable":true,"href":"https:\/\/www.ibermusicas.org\/index.php\/wp-json\/wp\/v2\/categories?post=28167"},{"taxonomy":"post_tag","embeddable":true,"href":"https:\/\/www.ibermusicas.org\/index.php\/wp-json\/wp\/v2\/tags?post=28167"}],"curies":[{"name":"wp","href":"https:\/\/api.w.org\/{rel}","templated":true}]}}