{"id":28170,"date":"2026-04-30T16:59:08","date_gmt":"2026-04-30T16:59:08","guid":{"rendered":"https:\/\/www.ibermusicas.org\/?p=28170"},"modified":"2026-04-30T16:59:09","modified_gmt":"2026-04-30T16:59:09","slug":"chega-a-segunda-edicao-do-floripa-dub-festival","status":"publish","type":"post","link":"https:\/\/www.ibermusicas.org\/index.php\/chega-a-segunda-edicao-do-floripa-dub-festival\/","title":{"rendered":"Chega a segunda edi\u00e7\u00e3o do Floripa Dub Festival"},"content":{"rendered":"\n<p>O Floripa Dub Festival \u00e9 um evento que se prop\u00f5e a promover uma forma democr\u00e1tica de acesso \u00e0 conte\u00fados que n\u00e3o circulam na grande m\u00eddia, atrav\u00e9s de uma experi\u00eancia de frui\u00e7\u00e3o coletiva com grande potencial de gerar conscientiza\u00e7\u00e3o e amplia\u00e7\u00e3o do repert\u00f3rio cultural dispon\u00edvel, al\u00e9m de estimular a consolida\u00e7\u00e3o de colabora\u00e7\u00f5es e parcerias entre os participantes da cena musical da cidade de Florian\u00f3polis.<\/p>\n\n\n\n<p>Foi realizado pela primeira vez em dezembro de 2024, contando com a apresenta\u00e7\u00e3o de diversos artistas locais e artistas convidados de outras cidades do Brasil. Nessa primeira edi\u00e7\u00e3o, o projeto foi selecionado na convocat\u00f3ria da Lei Paulo Gustavo em Santa Catarina 2023.<\/p>\n\n\n\n<p>Com o apoio do Programa Iberm\u00fasicas, este ano o floripa Dub festival convida ao artista mexicano Mexican Stepper. Yasser Serrano, conhecido pelo nome art\u00edstico Mexican Stepper, iniciou esse projeto em 2012, e desde ent\u00e3o sua miss\u00e3o \u00e9 levar a m\u00fasica Dub produzida no M\u00e9xico para os quatro cantos do mundo. J\u00e1 realizou seis turn\u00eas pela Europa, uma na Am\u00e9rica do Norte e uma na Am\u00e9rica do Sul, tendo visitado cerca de 21 pa\u00edses. Se apresentou em importantes festivais como Dub Camp (Fran\u00e7a), Reggae Live Fest (M\u00e9xico), International Dub Gathering (Espanha), Tawai Dub Festival (Brasil), mostrando seu trabalho de produ\u00e7\u00e3o musical carregado de texturas e sabores latino americanos, temas relacionados a sua ancestralidade amer\u00edndia, futurismo e conex\u00e3o com a natureza.<\/p>\n\n\n\n<p>A segunda edi\u00e7\u00e3o do festival contar\u00e1 com a participa\u00e7\u00e3o de artistas locais e artistas convidados, que apresentar\u00e3o seus trabalhos de pesquisa e produ\u00e7\u00e3o dentro do universo dos diversos g\u00eaneros musicais de origem jamaicana, como o Ska, Rocksteady, Reggae, Dub, Dancehall e Stepper, proporcionando ao p\u00fablico uma experi\u00eancia de audi\u00e7\u00e3o coletiva repleta de informa\u00e7\u00f5es e conhecimento hist\u00f3rico sobre o contexto sociocultural no qual se deu o desenvolvimento dos registros fonogr\u00e1ficos apresentados.<\/p>\n\n\n\n<p>Esta segunda edi\u00e7\u00e3o do festival foi vencedora da convocat\u00f3ria 2025 do Programa Iberm\u00fasicas na linha de \u201cApoio \u00e0 programa\u00e7\u00e3o musical\u201d. Para al\u00e9m de Yasser Serrano, do M\u00e9xico, o festival contar\u00e1 com a presen\u00e7a da cantora colombiana Lyda Aguas.<\/p>\n\n\n\n<ul class=\"wp-block-list\">\n<li>S\u00e1bado 9 de maio, 22h: Steppers Night, Bar Deraiz, Av. Prefeito Ac\u00e1cio Garibaldi Santiago 1777, Florian\u00f3polis, Santa Catarina, Brasil<\/li>\n\n\n\n<li>Domingo 10 de maio, 18h: Dia Nacional do Reggae, Bar Deraiz, Av. Prefeito Ac\u00e1cio Garibaldi Santiago 1777, Florian\u00f3polis, Santa Catarina, Brasil<\/li>\n<\/ul>\n\n\n\n<p><\/p>\n","protected":false},"excerpt":{"rendered":"<p>O Floripa Dub Festival \u00e9 um evento que se prop\u00f5e a promover uma forma democr\u00e1tica de acesso \u00e0 conte\u00fados que n\u00e3o circulam na grande m\u00eddia, atrav\u00e9s de uma experi\u00eancia de frui\u00e7\u00e3o coletiva com grande potencial de gerar conscientiza\u00e7\u00e3o e amplia\u00e7\u00e3o do repert\u00f3rio cultural dispon\u00edvel, al\u00e9m de estimular a consolida\u00e7\u00e3o de colabora\u00e7\u00f5es e parcerias entre os [&hellip;]<\/p>\n","protected":false},"author":7,"featured_media":28168,"comment_status":"closed","ping_status":"closed","sticky":false,"template":"","format":"standard","meta":{"_monsterinsights_skip_tracking":false,"_monsterinsights_sitenote_active":false,"_monsterinsights_sitenote_note":"","_monsterinsights_sitenote_category":0,"footnotes":""},"categories":[218],"tags":[],"class_list":["post-28170","post","type-post","status-publish","format-standard","has-post-thumbnail","hentry","category-noticias-generales-pt"],"lang":"pt","translations":{"pt":28170,"es":28167},"pll_sync_post":[],"post_mailing_queue_ids":[],"_links":{"self":[{"href":"https:\/\/www.ibermusicas.org\/index.php\/wp-json\/wp\/v2\/posts\/28170","targetHints":{"allow":["GET"]}}],"collection":[{"href":"https:\/\/www.ibermusicas.org\/index.php\/wp-json\/wp\/v2\/posts"}],"about":[{"href":"https:\/\/www.ibermusicas.org\/index.php\/wp-json\/wp\/v2\/types\/post"}],"author":[{"embeddable":true,"href":"https:\/\/www.ibermusicas.org\/index.php\/wp-json\/wp\/v2\/users\/7"}],"replies":[{"embeddable":true,"href":"https:\/\/www.ibermusicas.org\/index.php\/wp-json\/wp\/v2\/comments?post=28170"}],"version-history":[{"count":2,"href":"https:\/\/www.ibermusicas.org\/index.php\/wp-json\/wp\/v2\/posts\/28170\/revisions"}],"predecessor-version":[{"id":28172,"href":"https:\/\/www.ibermusicas.org\/index.php\/wp-json\/wp\/v2\/posts\/28170\/revisions\/28172"}],"wp:featuredmedia":[{"embeddable":true,"href":"https:\/\/www.ibermusicas.org\/index.php\/wp-json\/wp\/v2\/media\/28168"}],"wp:attachment":[{"href":"https:\/\/www.ibermusicas.org\/index.php\/wp-json\/wp\/v2\/media?parent=28170"}],"wp:term":[{"taxonomy":"category","embeddable":true,"href":"https:\/\/www.ibermusicas.org\/index.php\/wp-json\/wp\/v2\/categories?post=28170"},{"taxonomy":"post_tag","embeddable":true,"href":"https:\/\/www.ibermusicas.org\/index.php\/wp-json\/wp\/v2\/tags?post=28170"}],"curies":[{"name":"wp","href":"https:\/\/api.w.org\/{rel}","templated":true}]}}