{"id":28173,"date":"2026-04-30T17:00:46","date_gmt":"2026-04-30T17:00:46","guid":{"rendered":"https:\/\/www.ibermusicas.org\/?p=28173"},"modified":"2026-04-30T17:00:49","modified_gmt":"2026-04-30T17:00:49","slug":"la-banda-argentina-fin-del-mundo-realizara-su-cuarta-gira-europea","status":"publish","type":"post","link":"https:\/\/www.ibermusicas.org\/index.php\/la-banda-argentina-fin-del-mundo-realizara-su-cuarta-gira-europea\/","title":{"rendered":"La banda argentina Fin del Mundo realizar\u00e1 su cuarta gira europea"},"content":{"rendered":"\n<p>Formada en 2019 por cuatro m\u00fasicas provenientes de distintas regiones de Argentina (Buenos Aires, Chubut y Tierra del Fuego), Fin del Mundo propone un viaje sonoro instrumental con ra\u00edces en el post-rock, shoegaze, dreampop y rock alternativo.<\/p>\n\n\n\n<p>Su singularidad reside no s\u00f3lo en el car\u00e1cter experimental de su m\u00fasica, sino tambi\u00e9n en el hecho de ser una banda \u00edntegramente formada por mujeres, con un fuerte poder esc\u00e9nico y un creciente reconocimiento internacional.<\/p>\n\n\n\n<p>En septiembre de 2022 grabaron una sesi\u00f3n para la radio KEXP de Seattle que supera los 1,6 millones de reproducciones, consolid\u00e1ndose como referentes del post rock e indie rock iberoamericano. Tras su paso por Lollapalooza Argentina 2024 y tres giras por Europa y Am\u00e9rica Latina, fueron seleccionadas para el programa Fender Next Class.<\/p>\n\n\n\n<p>Actualmente, la banda se prepara para continuar girando durante 2026 mientras trabaja en su pr\u00f3ximo material.<\/p>\n\n\n\n<p>Con esta cuarta gira europea la banda busca posicionar a Argentina como banda referente en los circuitos de post rock \/ indie rock iberoamericanos.<\/p>\n\n\n\n<p>En esta ocasi\u00f3n visitando pa\u00edses donde el grupo ha encontrado en a\u00f1os anteriores una recepci\u00f3n espectacular y abri\u00e9ndose tambi\u00e9n al p\u00fablico de nuevas ciudades nunca antes visitadas de la regi\u00f3n.<\/p>\n\n\n\n<p>Esta gira europea de Fin del Mundo, cuenta con el apoyo de Iberm\u00fasicas a trav\u00e9s de su l\u00ednea de \u201cAyuda a la circulaci\u00f3n de profesionales de la m\u00fasica\u201d, convocatoria 2025.<\/p>\n\n\n\n<ul class=\"wp-block-list\">\n<li>8 de mayo: Cranc Festival, Mallorca, Espa\u00f1a<\/li>\n\n\n\n<li>9 de mayo: Sala Spectrum, Murcia, Espa\u00f1a<\/li>\n\n\n\n<li>10 de mayo: Loco Club, Valencia, Espa\u00f1a<\/li>\n\n\n\n<li>12 de mayo: Planta Baja, Granada, Espa\u00f1a<\/li>\n\n\n\n<li>13 de mayo: LA 2, Sevilla, Espa\u00f1a<\/li>\n\n\n\n<li>14 de mayo: Hangar, C\u00f3rdoba, Espa\u00f1a<\/li>\n\n\n\n<li>16 de mayo: Sala Tribeca Live, Oviedo, Espa\u00f1a<\/li>\n\n\n\n<li>17 de mayo: La Lata de Bombillas, Zaragoza, Espa\u00f1a<\/li>\n\n\n\n<li>19 de mayo: Stereolux, Nantes, Francia<\/li>\n\n\n\n<li>20 de mayo: Antipode, Rennes, Francia<\/li>\n\n\n\n<li>21 de mayo: Sala Cop\u00e9rnico (Sound Isidro), Madrid, Espa\u00f1a<\/li>\n\n\n\n<li>22 de mayo: Sala Upload, Barcelona, Espa\u00f1a<\/li>\n\n\n\n<li>23 de mayo: Sala Terra, Castell\u00f3n, Espa\u00f1a<\/li>\n\n\n\n<li>24 de mayo: Jimmy Jazz, Vitoria-Gasteiz, Espa\u00f1a<\/li>\n<\/ul>\n","protected":false},"excerpt":{"rendered":"<p>Formada en 2019 por cuatro m\u00fasicas provenientes de distintas regiones de Argentina (Buenos Aires, Chubut y Tierra del Fuego), Fin del Mundo propone un viaje sonoro instrumental con ra\u00edces en el post-rock, shoegaze, dreampop y rock alternativo. Su singularidad reside no s\u00f3lo en el car\u00e1cter experimental de su m\u00fasica, sino tambi\u00e9n en el hecho de [&hellip;]<\/p>\n","protected":false},"author":7,"featured_media":28174,"comment_status":"closed","ping_status":"closed","sticky":false,"template":"","format":"standard","meta":{"_monsterinsights_skip_tracking":false,"_monsterinsights_sitenote_active":false,"_monsterinsights_sitenote_note":"","_monsterinsights_sitenote_category":0,"footnotes":""},"categories":[53],"tags":[],"class_list":["post-28173","post","type-post","status-publish","format-standard","has-post-thumbnail","hentry","category-noticias-generales"],"lang":"es","translations":{"es":28173,"pt":28176},"pll_sync_post":[],"post_mailing_queue_ids":[],"_links":{"self":[{"href":"https:\/\/www.ibermusicas.org\/index.php\/wp-json\/wp\/v2\/posts\/28173","targetHints":{"allow":["GET"]}}],"collection":[{"href":"https:\/\/www.ibermusicas.org\/index.php\/wp-json\/wp\/v2\/posts"}],"about":[{"href":"https:\/\/www.ibermusicas.org\/index.php\/wp-json\/wp\/v2\/types\/post"}],"author":[{"embeddable":true,"href":"https:\/\/www.ibermusicas.org\/index.php\/wp-json\/wp\/v2\/users\/7"}],"replies":[{"embeddable":true,"href":"https:\/\/www.ibermusicas.org\/index.php\/wp-json\/wp\/v2\/comments?post=28173"}],"version-history":[{"count":1,"href":"https:\/\/www.ibermusicas.org\/index.php\/wp-json\/wp\/v2\/posts\/28173\/revisions"}],"predecessor-version":[{"id":28175,"href":"https:\/\/www.ibermusicas.org\/index.php\/wp-json\/wp\/v2\/posts\/28173\/revisions\/28175"}],"wp:featuredmedia":[{"embeddable":true,"href":"https:\/\/www.ibermusicas.org\/index.php\/wp-json\/wp\/v2\/media\/28174"}],"wp:attachment":[{"href":"https:\/\/www.ibermusicas.org\/index.php\/wp-json\/wp\/v2\/media?parent=28173"}],"wp:term":[{"taxonomy":"category","embeddable":true,"href":"https:\/\/www.ibermusicas.org\/index.php\/wp-json\/wp\/v2\/categories?post=28173"},{"taxonomy":"post_tag","embeddable":true,"href":"https:\/\/www.ibermusicas.org\/index.php\/wp-json\/wp\/v2\/tags?post=28173"}],"curies":[{"name":"wp","href":"https:\/\/api.w.org\/{rel}","templated":true}]}}