{"id":28176,"date":"2026-04-30T17:01:55","date_gmt":"2026-04-30T17:01:55","guid":{"rendered":"https:\/\/www.ibermusicas.org\/?p=28176"},"modified":"2026-04-30T17:01:57","modified_gmt":"2026-04-30T17:01:57","slug":"a-banda-argentina-fin-del-mundo-realizara-sua-quarta-turne-europeia","status":"publish","type":"post","link":"https:\/\/www.ibermusicas.org\/index.php\/a-banda-argentina-fin-del-mundo-realizara-sua-quarta-turne-europeia\/","title":{"rendered":"A banda argentina Fin del Mundo realizar\u00e1 sua quarta turn\u00ea europeia"},"content":{"rendered":"\n<p>Formada em 2019 por quatro m\u00fasicas provenientes de diferentes regi\u00f5es da Argentina (Buenos Aires, Chubut e Tierra del Fuego), Fin del Mundo prop\u00f5e uma viagem sonora instrumental com ra\u00edzes no post-rock, shoegaze, dreampop e rock alternativo.<\/p>\n\n\n\n<p>Sua singularidade reside n\u00e3o apenas no car\u00e1ter experimental de sua m\u00fasica, mas tamb\u00e9m no fato de ser uma banda inteiramente formada por mulheres, com forte presen\u00e7a c\u00eanica e crescente reconhecimento internacional.<\/p>\n\n\n\n<p>Em setembro de 2022, gravaram uma sess\u00e3o para a r\u00e1dio KEXP de Seattle que ultrapassa 1,6 milh\u00e3o de reprodu\u00e7\u00f5es, consolidando-se como refer\u00eancias do post-rock e do indie rock ibero-americano. Ap\u00f3s sua participa\u00e7\u00e3o no Lollapalooza Argentina 2024 e tr\u00eas turn\u00eas pela Europa e pela Am\u00e9rica Latina, foram selecionadas para o programa Fender Next Class.<\/p>\n\n\n\n<p>Atualmente, a banda se prepara para continuar em turn\u00ea ao longo de 2026 enquanto trabalha em seu pr\u00f3ximo material.<\/p>\n\n\n\n<p>Com esta quarta turn\u00ea europeia, a banda busca se posicionar como um nome de refer\u00eancia da Argentina nos circuitos de post-rock \/ indie rock ibero-americanos.<\/p>\n\n\n\n<p>Nesta ocasi\u00e3o, visitar\u00e3o pa\u00edses onde o grupo encontrou, em anos anteriores, uma recep\u00e7\u00e3o espetacular, abrindo-se tamb\u00e9m ao p\u00fablico de novas cidades da regi\u00e3o nunca antes visitadas.<\/p>\n\n\n\n<p>Esta turn\u00ea europeia do Fin del Mundo conta com o apoio do Iberm\u00fasicas por meio de sua linha de \u201cApoio \u00e0 circula\u00e7\u00e3o de profissionais da m\u00fasica\u201d, convocat\u00f3ria 2025.<\/p>\n\n\n\n<ul class=\"wp-block-list\">\n<li>8 de maio: Cranc Festival, Maiorca, Espanha<\/li>\n\n\n\n<li>9 de maio: Sala Spectrum, M\u00farcia, Espanha<\/li>\n\n\n\n<li>10 de maio: Loco Club, Val\u00eancia, Espanha<\/li>\n\n\n\n<li>12 de maio: Planta Baja, Granada, Espanha<\/li>\n\n\n\n<li>13 de maio: LA 2, Sevilha, Espanha<\/li>\n\n\n\n<li>14 de maio: Hangar, C\u00f3rdoba, Espanha<\/li>\n\n\n\n<li>16 de maio: Sala Tribeca Live, Oviedo, Espanha<\/li>\n\n\n\n<li>17 de maio: La Lata de Bombillas, Sarago\u00e7a, Espanha<\/li>\n\n\n\n<li>19 de maio: Stereolux, Nantes, Fran\u00e7a<\/li>\n\n\n\n<li>20 de maio: Antipode, Rennes, Fran\u00e7a<\/li>\n\n\n\n<li>21 de maio: Sala Cop\u00e9rnico (Sound Isidro), Madri, Espanha<\/li>\n\n\n\n<li>22 de maio: Sala Upload, Barcelona, Espanha<\/li>\n\n\n\n<li>23 de maio: Sala Terra, Castell\u00f3n, Espanha<\/li>\n\n\n\n<li>24 de maio: Jimmy Jazz, Vitoria-Gasteiz, Espanha<\/li>\n<\/ul>\n\n\n\n<p><\/p>\n","protected":false},"excerpt":{"rendered":"<p>Formada em 2019 por quatro m\u00fasicas provenientes de diferentes regi\u00f5es da Argentina (Buenos Aires, Chubut e Tierra del Fuego), Fin del Mundo prop\u00f5e uma viagem sonora instrumental com ra\u00edzes no post-rock, shoegaze, dreampop e rock alternativo. Sua singularidade reside n\u00e3o apenas no car\u00e1ter experimental de sua m\u00fasica, mas tamb\u00e9m no fato de ser uma banda [&hellip;]<\/p>\n","protected":false},"author":7,"featured_media":28174,"comment_status":"closed","ping_status":"closed","sticky":false,"template":"","format":"standard","meta":{"_monsterinsights_skip_tracking":false,"_monsterinsights_sitenote_active":false,"_monsterinsights_sitenote_note":"","_monsterinsights_sitenote_category":0,"footnotes":""},"categories":[218],"tags":[],"class_list":["post-28176","post","type-post","status-publish","format-standard","has-post-thumbnail","hentry","category-noticias-generales-pt"],"lang":"pt","translations":{"pt":28176,"es":28173},"pll_sync_post":[],"post_mailing_queue_ids":[],"_links":{"self":[{"href":"https:\/\/www.ibermusicas.org\/index.php\/wp-json\/wp\/v2\/posts\/28176","targetHints":{"allow":["GET"]}}],"collection":[{"href":"https:\/\/www.ibermusicas.org\/index.php\/wp-json\/wp\/v2\/posts"}],"about":[{"href":"https:\/\/www.ibermusicas.org\/index.php\/wp-json\/wp\/v2\/types\/post"}],"author":[{"embeddable":true,"href":"https:\/\/www.ibermusicas.org\/index.php\/wp-json\/wp\/v2\/users\/7"}],"replies":[{"embeddable":true,"href":"https:\/\/www.ibermusicas.org\/index.php\/wp-json\/wp\/v2\/comments?post=28176"}],"version-history":[{"count":2,"href":"https:\/\/www.ibermusicas.org\/index.php\/wp-json\/wp\/v2\/posts\/28176\/revisions"}],"predecessor-version":[{"id":28178,"href":"https:\/\/www.ibermusicas.org\/index.php\/wp-json\/wp\/v2\/posts\/28176\/revisions\/28178"}],"wp:featuredmedia":[{"embeddable":true,"href":"https:\/\/www.ibermusicas.org\/index.php\/wp-json\/wp\/v2\/media\/28174"}],"wp:attachment":[{"href":"https:\/\/www.ibermusicas.org\/index.php\/wp-json\/wp\/v2\/media?parent=28176"}],"wp:term":[{"taxonomy":"category","embeddable":true,"href":"https:\/\/www.ibermusicas.org\/index.php\/wp-json\/wp\/v2\/categories?post=28176"},{"taxonomy":"post_tag","embeddable":true,"href":"https:\/\/www.ibermusicas.org\/index.php\/wp-json\/wp\/v2\/tags?post=28176"}],"curies":[{"name":"wp","href":"https:\/\/api.w.org\/{rel}","templated":true}]}}