{"id":28179,"date":"2026-04-30T17:02:51","date_gmt":"2026-04-30T17:02:51","guid":{"rendered":"https:\/\/www.ibermusicas.org\/?p=28179"},"modified":"2026-04-30T17:03:07","modified_gmt":"2026-04-30T17:03:07","slug":"con-tres-transmisiones-en-linea-llega-el-workshop-internacional-el-piano-en-la-edad-adulta","status":"publish","type":"post","link":"https:\/\/www.ibermusicas.org\/index.php\/con-tres-transmisiones-en-linea-llega-el-workshop-internacional-el-piano-en-la-edad-adulta\/","title":{"rendered":"Con tres transmisiones en l\u00ednea, llega el Workshop Internacional \u201cEl Piano en la Edad Adulta\u201d"},"content":{"rendered":"\n<p>El Workshop Internacional \u201cEl Piano en la Edad Adulta\u201d re\u00fane a dos pianistas e investigadoras brasile\u00f1as y a una portuguesa, residentes en Brasil, Portugal y B\u00e9lgica, para debatir distintas vertientes de la ense\u00f1anza del piano en la edad adulta. En tres encuentros virtuales se abordar\u00e1n procesos de aprendizaje, estrategias pedag\u00f3gicas inclusivas y posibilidades de profesionalizaci\u00f3n, contemplando perfiles diversos de estudiantes.<\/p>\n\n\n\n<p>El proyecto promueve la cooperaci\u00f3n internacional, la diversidad cultural y la inclusi\u00f3n, ofreciendo gratuitamente videos y un informe biling\u00fce como referencias para estudiantes, docentes y pianistas que deseen profundizar o profesionalizar sus estudios.<\/p>\n\n\n\n<p>El Workshop Internacional \u201cEl Piano en la Edad Adulta\u201d es un proyecto virtual de formaci\u00f3n y reflexi\u00f3n que propone un espacio internacional de di\u00e1logo sobre los procesos de ense\u00f1anza, aprendizaje y profesionalizaci\u00f3n del piano a lo largo de la vida adulta. Al reunir pianistas, profesoras e investigadoras de Portugal, Brasil y B\u00e9lgica, el workshop valora la diversidad de trayectorias musicales y defiende una pedagog\u00eda inclusiva, sensible a las distintas etapas de la edad adulta.<\/p>\n\n\n\n<p>El proyecto parte del entendimiento de que la edad adulta no es una etapa homog\u00e9nea, sino un per\u00edodo plural que incluye desde adultos principiantes que concretan un sue\u00f1o tard\u00edo, pasando por quienes retoman estudios interrumpidos, hasta pianistas con formaci\u00f3n avanzada que desean profesionalizarse.<\/p>\n\n\n\n<p>El workshop articula investigaci\u00f3n cient\u00edfica, pr\u00e1ctica pedag\u00f3gica y experiencia art\u00edstica, respondiendo a la creciente demanda de adultos por el piano como actividad de expresi\u00f3n, ocio y carrera.<\/p>\n\n\n\n<p>Forman parte del proyecto:<\/p>\n\n\n\n<p>Eliete Gon\u00e7alves (Portugal). Pianista y profesora, doctora en Ciencias de la Educaci\u00f3n (UFRJ\/Universidad de Coimbra) y autora del libro <em>M\u00fasica como necesidad humana<\/em>. Act\u00faa en las \u00e1reas de pedagog\u00eda del piano y educaci\u00f3n musical. Se dedica a la investigaci\u00f3n sobre la ense\u00f1anza de la m\u00fasica en el curr\u00edculo escolar y las pol\u00edticas p\u00fablicas de educaci\u00f3n en Brasil y Portugal.&nbsp; Es fundadora de la Asociaci\u00f3n Chama Po\u00e9tica y de Studio ART, un espacio de apoyo al artista y de formaci\u00f3n musical especializado en la ense\u00f1anza para adultos.<\/p>\n\n\n\n<p>Sulamita Lage (Brasil). Pianista, profesora e investigadora en educaci\u00f3n musical, con una labor centrada en la ense\u00f1anza del piano para adultos a trav\u00e9s de metodolog\u00edas inclusivas y adaptadas a distintos recorridos de aprendizaje. Mag\u00edster en M\u00fasica (Performance) por la UFRJ, con amplia experiencia art\u00edstica y docente. Es directora de Em Tempo Est\u00fadio, dedicado exclusivamente a la ense\u00f1anza musical para adultos.<\/p>\n\n\n\n<p>Sylvia Thereza (B\u00e9lgica). Pianista de carrera internacional, mag\u00edster en M\u00fasica <em>summa cum laude<\/em> por la Universidad Cat\u00f3lica de Lovaina (B\u00e9lgica) y premiada en importantes concursos internacionales. Actu\u00f3 como profesora asistente de Maria Jo\u00e3o Pires en la Queen Elisabeth Music Chapel. Desarrolla proyectos art\u00edsticos y sociales de impacto internacional y es cofundadora de la asociaci\u00f3n Uan\u00e1 \u2013 Association for the Arts, con sede en Bruselas.<\/p>\n\n\n\n<p>Este proyecto presentado por la m\u00fasica portuguesa Eliete Gon\u00e7alves, cuenta con el apoyo del Programa Iberm\u00fasicas mediante su l\u00ednea de \u201cAyuda a proyectos virtuales\u201d, convocatoria 2025.<\/p>\n\n\n\n<ul class=\"wp-block-list\">\n<li>9, 16 y 23 de mayo: Actividad virtual en l\u00ednea.<\/li>\n<\/ul>\n","protected":false},"excerpt":{"rendered":"<p>El Workshop Internacional \u201cEl Piano en la Edad Adulta\u201d re\u00fane a dos pianistas e investigadoras brasile\u00f1as y a una portuguesa, residentes en Brasil, Portugal y B\u00e9lgica, para debatir distintas vertientes de la ense\u00f1anza del piano en la edad adulta. En tres encuentros virtuales se abordar\u00e1n procesos de aprendizaje, estrategias pedag\u00f3gicas inclusivas y posibilidades de profesionalizaci\u00f3n, [&hellip;]<\/p>\n","protected":false},"author":7,"featured_media":28180,"comment_status":"closed","ping_status":"closed","sticky":false,"template":"","format":"standard","meta":{"_monsterinsights_skip_tracking":false,"_monsterinsights_sitenote_active":false,"_monsterinsights_sitenote_note":"","_monsterinsights_sitenote_category":0,"footnotes":""},"categories":[53],"tags":[],"class_list":["post-28179","post","type-post","status-publish","format-standard","has-post-thumbnail","hentry","category-noticias-generales"],"lang":"es","translations":{"es":28179,"pt":28182},"pll_sync_post":[],"post_mailing_queue_ids":[],"_links":{"self":[{"href":"https:\/\/www.ibermusicas.org\/index.php\/wp-json\/wp\/v2\/posts\/28179","targetHints":{"allow":["GET"]}}],"collection":[{"href":"https:\/\/www.ibermusicas.org\/index.php\/wp-json\/wp\/v2\/posts"}],"about":[{"href":"https:\/\/www.ibermusicas.org\/index.php\/wp-json\/wp\/v2\/types\/post"}],"author":[{"embeddable":true,"href":"https:\/\/www.ibermusicas.org\/index.php\/wp-json\/wp\/v2\/users\/7"}],"replies":[{"embeddable":true,"href":"https:\/\/www.ibermusicas.org\/index.php\/wp-json\/wp\/v2\/comments?post=28179"}],"version-history":[{"count":1,"href":"https:\/\/www.ibermusicas.org\/index.php\/wp-json\/wp\/v2\/posts\/28179\/revisions"}],"predecessor-version":[{"id":28181,"href":"https:\/\/www.ibermusicas.org\/index.php\/wp-json\/wp\/v2\/posts\/28179\/revisions\/28181"}],"wp:featuredmedia":[{"embeddable":true,"href":"https:\/\/www.ibermusicas.org\/index.php\/wp-json\/wp\/v2\/media\/28180"}],"wp:attachment":[{"href":"https:\/\/www.ibermusicas.org\/index.php\/wp-json\/wp\/v2\/media?parent=28179"}],"wp:term":[{"taxonomy":"category","embeddable":true,"href":"https:\/\/www.ibermusicas.org\/index.php\/wp-json\/wp\/v2\/categories?post=28179"},{"taxonomy":"post_tag","embeddable":true,"href":"https:\/\/www.ibermusicas.org\/index.php\/wp-json\/wp\/v2\/tags?post=28179"}],"curies":[{"name":"wp","href":"https:\/\/api.w.org\/{rel}","templated":true}]}}