{"id":28182,"date":"2026-04-30T17:03:59","date_gmt":"2026-04-30T17:03:59","guid":{"rendered":"https:\/\/www.ibermusicas.org\/?p=28182"},"modified":"2026-04-30T17:04:02","modified_gmt":"2026-04-30T17:04:02","slug":"com-tres-transmissoes-on-line-chega-workshop-internacional-o-piano-na-idade-adulta","status":"publish","type":"post","link":"https:\/\/www.ibermusicas.org\/index.php\/com-tres-transmissoes-on-line-chega-workshop-internacional-o-piano-na-idade-adulta\/","title":{"rendered":"Com tr\u00eas transmiss\u00f5es on line, Chega Workshop Internacional \u201cO Piano na Idade Adulta\u201d"},"content":{"rendered":"\n<p>O Workshop Internacional \u201cO Piano na Idade Adulta\u201d re\u00fane duas pianistas e pesquisadoras brasileiras e uma portuguesa, residentes no Brasil, Portugal e B\u00e9lgica, para discutir diferentes vertentes do ensino do piano na idade adulta. Em tr\u00eas encontros virtuais, ser\u00e3o abordados processos de aprendizagem, estrat\u00e9gias pedag\u00f3gicas inclusivas e possibilidades de profissionaliza\u00e7\u00e3o, contemplando perfis diversos de estudantes.<\/p>\n\n\n\n<p>O projeto promove coopera\u00e7\u00e3o internacional, diversidade cultural e inclus\u00e3o, oferecendo gratuitamente v\u00eddeos e relat\u00f3rio bil\u00edngue como refer\u00eancias para alunos, professores e pianistas que desejam aprofundar ou profissionalizar seus estudos.<\/p>\n\n\n\n<p>O Workshop Internacional \u201cO Piano na Idade Adulta\u201d \u00e9 um projeto virtual de forma\u00e7\u00e3o e reflex\u00e3o que prop\u00f5e um espa\u00e7o internacional de di\u00e1logo sobre os processos de ensino, aprendizagem e profissionaliza\u00e7\u00e3o do piano ao longo da vida adulta. Reunindo pianistas, professoras e investigadoras de Portugal, Brasil e B\u00e9lgica, o workshop valoriza a diversidade de trajet\u00f3rias musicais e defende uma pedagogia inclusiva, sens\u00edvel \u00e0s diferentes fases da idade adulta.<\/p>\n\n\n\n<p>O projeto parte do entendimento de que a idade adulta n\u00e3o \u00e9 uma fase homog\u00eanea, mas um per\u00edodo plural, que inclui desde adultos iniciantes que realizam um sonho tardio, passando por aqueles que retomam estudos interrompidos, at\u00e9 pianistas com forma\u00e7\u00e3o avan\u00e7ada que desejam profissionalizar-se.<\/p>\n\n\n\n<p>O workshop articula investiga\u00e7\u00e3o cient\u00edfica, pr\u00e1tica pedag\u00f3gica e experi\u00eancia art\u00edstica, respondendo \u00e0 crescente procura de adultos pelo piano como atividade de express\u00e3o, lazer e carreira.<\/p>\n\n\n\n<p>Fazem parte do projeto:<\/p>\n\n\n\n<p>Eliete Gon\u00e7alves (Portugal). Pianista e professora, doutora em Ci\u00eancias da Educa\u00e7\u00e3o (UFRJ\/Universidade de Coimbra) e autora do livro M\u00fasica como necessidade humana. Atua nas \u00e1reas de pedagogia do piano e educa\u00e7\u00e3o musical. Dedica-se \u00e0 investiga\u00e7\u00e3o no ensino de m\u00fasica no curr\u00edculo escolar e nas pol\u00edticas p\u00fablicas de educa\u00e7\u00e3o no Brasil e em Portugal. \u00c9 fundadora da Chama Po\u00e9tica Associa\u00e7\u00e3o e do Studio ART,um espa\u00e7o de apoio ao artista e a forma\u00e7\u00e3o musical especializada no ensino adulto.<\/p>\n\n\n\n<p>Sulamita Lage (Brasil). Pianista, professora e pesquisadora em educa\u00e7\u00e3o musical, com atua\u00e7\u00e3o centrada no ensino do piano para adultos atrav\u00e9s de metodologias inclusivas e adaptadas a diferentes percursos de aprendizagem. Mestre em M\u00fasica (Performance) pela UFRJ, com ampla experi\u00eancia art\u00edstica e docente. \u00c9 diretora do Em Tempo Est\u00fadio, dedicado exclusivamente ao ensino de m\u00fasica para adultos.<\/p>\n\n\n\n<p>Sylvia Thereza (B\u00e9lgica).<\/p>\n\n\n\n<p>Pianista de carreira internacional, mestre em M\u00fasica suma cum laude pela Universidade Cat\u00f3lica de Leuven (B\u00e9lgica) e premiada em importantes concursos internacionais. Atuou como professora assistente de Maria Jo\u00e3o Pires na Queen Elisabeth Music Chapel. Desenvolve projetos art\u00edsticos e sociais de impacto internacional e \u00e9 cofundadora da associa\u00e7\u00e3o Uan\u00e1 \u2013 Association for the Arts, sediada em Bruxelas.<\/p>\n\n\n\n<p>Este projeto, apresentado pela <em>musicista <\/em>portuguesa Eliete Gon\u00e7alves, conta com o apoio do Programa Iberm\u00fasicas, por meio da sua linha de \u201cApoio a projetos virtuais\u201d, convocat\u00f3ria 2025.<\/p>\n\n\n\n<ul class=\"wp-block-list\">\n<li>9, 16 e 23 de maio: Atividade virtual online<\/li>\n<\/ul>\n\n\n\n<p><\/p>\n","protected":false},"excerpt":{"rendered":"<p>O Workshop Internacional \u201cO Piano na Idade Adulta\u201d re\u00fane duas pianistas e pesquisadoras brasileiras e uma portuguesa, residentes no Brasil, Portugal e B\u00e9lgica, para discutir diferentes vertentes do ensino do piano na idade adulta. Em tr\u00eas encontros virtuais, ser\u00e3o abordados processos de aprendizagem, estrat\u00e9gias pedag\u00f3gicas inclusivas e possibilidades de profissionaliza\u00e7\u00e3o, contemplando perfis diversos de estudantes. [&hellip;]<\/p>\n","protected":false},"author":7,"featured_media":28180,"comment_status":"closed","ping_status":"closed","sticky":false,"template":"","format":"standard","meta":{"_monsterinsights_skip_tracking":false,"_monsterinsights_sitenote_active":false,"_monsterinsights_sitenote_note":"","_monsterinsights_sitenote_category":0,"footnotes":""},"categories":[218],"tags":[],"class_list":["post-28182","post","type-post","status-publish","format-standard","has-post-thumbnail","hentry","category-noticias-generales-pt"],"lang":"pt","translations":{"pt":28182,"es":28179},"pll_sync_post":[],"post_mailing_queue_ids":[],"_links":{"self":[{"href":"https:\/\/www.ibermusicas.org\/index.php\/wp-json\/wp\/v2\/posts\/28182","targetHints":{"allow":["GET"]}}],"collection":[{"href":"https:\/\/www.ibermusicas.org\/index.php\/wp-json\/wp\/v2\/posts"}],"about":[{"href":"https:\/\/www.ibermusicas.org\/index.php\/wp-json\/wp\/v2\/types\/post"}],"author":[{"embeddable":true,"href":"https:\/\/www.ibermusicas.org\/index.php\/wp-json\/wp\/v2\/users\/7"}],"replies":[{"embeddable":true,"href":"https:\/\/www.ibermusicas.org\/index.php\/wp-json\/wp\/v2\/comments?post=28182"}],"version-history":[{"count":2,"href":"https:\/\/www.ibermusicas.org\/index.php\/wp-json\/wp\/v2\/posts\/28182\/revisions"}],"predecessor-version":[{"id":28184,"href":"https:\/\/www.ibermusicas.org\/index.php\/wp-json\/wp\/v2\/posts\/28182\/revisions\/28184"}],"wp:featuredmedia":[{"embeddable":true,"href":"https:\/\/www.ibermusicas.org\/index.php\/wp-json\/wp\/v2\/media\/28180"}],"wp:attachment":[{"href":"https:\/\/www.ibermusicas.org\/index.php\/wp-json\/wp\/v2\/media?parent=28182"}],"wp:term":[{"taxonomy":"category","embeddable":true,"href":"https:\/\/www.ibermusicas.org\/index.php\/wp-json\/wp\/v2\/categories?post=28182"},{"taxonomy":"post_tag","embeddable":true,"href":"https:\/\/www.ibermusicas.org\/index.php\/wp-json\/wp\/v2\/tags?post=28182"}],"curies":[{"name":"wp","href":"https:\/\/api.w.org\/{rel}","templated":true}]}}