{"id":28188,"date":"2026-04-30T17:06:49","date_gmt":"2026-04-30T17:06:49","guid":{"rendered":"https:\/\/www.ibermusicas.org\/?p=28188"},"modified":"2026-04-30T17:06:52","modified_gmt":"2026-04-30T17:06:52","slug":"el-festival-ars-contemporanea-de-argentina-celebra-50-anos","status":"publish","type":"post","link":"https:\/\/www.ibermusicas.org\/index.php\/el-festival-ars-contemporanea-de-argentina-celebra-50-anos\/","title":{"rendered":"El Festival Ars Contempor\u00e1nea de Argentina celebra 50 a\u00f1os"},"content":{"rendered":"\n<p>El Festival Ars Contempor\u00e1nea celebra medio siglo de trayectoria de una de las instituciones pioneras de la m\u00fasica contempor\u00e1nea argentina e iberoamericana. El proyecto se desarrollar\u00e1 en mayo de 2026 en la ciudad de Buenos Aires, con sede principal en el Laboratorio de Investigaci\u00f3n y Producci\u00f3n Musical (LIPM) del Centro Cultural Recoleta.<\/p>\n\n\n\n<p>El festival propone un programa internacional que integra conciertos, propuestas electroac\u00fasticas, instalaciones sonoras, talleres, clases magistrales, residencias y actividades de mediaci\u00f3n cultural vinculadas a la creaci\u00f3n contempor\u00e1nea y al arte sonoro.<\/p>\n\n\n\n<p>Participan como artistas invitados la compositora espa\u00f1ola Isabel Urrutia, referente internacional en investigaci\u00f3n t\u00edmbrica y creadora del m\u00e9todo <em>World Timbres Mixture<\/em>, y el compositor argentino-franc\u00e9s Jos\u00e9 Luis Campana, fundador de Ars Contempor\u00e1nea, ex investigador del IRCAM (Par\u00eds) y ex director del Ensamble ARSEMA.<\/p>\n\n\n\n<p>El festival incluye adem\u00e1s una secci\u00f3n especial MUSLAB \u2013 Argentina, en colaboraci\u00f3n con la Muestra Internacional de M\u00fasica Electroac\u00fastica, fortaleciendo la circulaci\u00f3n art\u00edstica iberoamericana y el intercambio entre creadores de distintos pa\u00edses.<\/p>\n\n\n\n<p>El Festival Ars Contempor\u00e1nea \u2013 50 a\u00f1os constituye un hito en la trayectoria de la instituci\u00f3n y proyecta su legado hacia el \u00e1mbito iberoamericano. La programaci\u00f3n pone especial \u00e9nfasis en la diversidad cultural, la participaci\u00f3n de artistas internacionales, la accesibilidad del p\u00fablico y el compromiso social, integrando propuestas art\u00edsticas, pedag\u00f3gicas y de mediaci\u00f3n cultural. En este marco, el proyecto articula acciones con instituciones educativas y culturales, entre ellas CONSUDEC, fortaleciendo el v\u00ednculo con \u00e1mbitos formativos y promoviendo el acceso de infancias, j\u00f3venes y comunidades educativas a la creaci\u00f3n sonora contempor\u00e1nea.<\/p>\n\n\n\n<p>El programa incluye:<\/p>\n\n\n\n<ul class=\"wp-block-list\">\n<li>Conciertos de m\u00fasica electroac\u00fastica y mixta<\/li>\n\n\n\n<li>Un concierto monogr\u00e1fico y un concierto de clausura<\/li>\n\n\n\n<li>Taller de composici\u00f3n contempor\u00e1nea basado en la t\u00e9cnica World Timbres Mixture (Isabel Urrutia)<\/li>\n\n\n\n<li>Clase magistral y actividades de formaci\u00f3n avanzada a cargo de Jos\u00e9 Luis Campana<\/li>\n\n\n\n<li>Residencias y tutor\u00edas para j\u00f3venes compositores y creadoras<\/li>\n<\/ul>\n\n\n\n<p>Las actividades estar\u00e1n dirigidas al p\u00fablico general, estudiantes, docentes y profesionales del \u00e1mbito musical. Todas las propuestas ser\u00e1n de entrada libre y gratuita.<\/p>\n\n\n\n<p>El Festival Ars Contempor\u00e1nea ha sido ganador de la \u201cAyuda a la programaci\u00f3n musical\u201d del Programa Iberm\u00fasicas en la convocatoria 2025.<\/p>\n\n\n\n<ul class=\"wp-block-list\">\n<li>Del 12 al 19 de mayo en el Centro Cultural Recoleta, Buenos Aires, Argentina<\/li>\n<\/ul>\n","protected":false},"excerpt":{"rendered":"<p>El Festival Ars Contempor\u00e1nea celebra medio siglo de trayectoria de una de las instituciones pioneras de la m\u00fasica contempor\u00e1nea argentina e iberoamericana. El proyecto se desarrollar\u00e1 en mayo de 2026 en la ciudad de Buenos Aires, con sede principal en el Laboratorio de Investigaci\u00f3n y Producci\u00f3n Musical (LIPM) del Centro Cultural Recoleta. El festival propone [&hellip;]<\/p>\n","protected":false},"author":7,"featured_media":28186,"comment_status":"closed","ping_status":"closed","sticky":false,"template":"","format":"standard","meta":{"_monsterinsights_skip_tracking":false,"_monsterinsights_sitenote_active":false,"_monsterinsights_sitenote_note":"","_monsterinsights_sitenote_category":0,"footnotes":""},"categories":[53],"tags":[],"class_list":["post-28188","post","type-post","status-publish","format-standard","has-post-thumbnail","hentry","category-noticias-generales"],"lang":"es","translations":{"es":28188,"pt":28190},"pll_sync_post":[],"post_mailing_queue_ids":[],"_links":{"self":[{"href":"https:\/\/www.ibermusicas.org\/index.php\/wp-json\/wp\/v2\/posts\/28188","targetHints":{"allow":["GET"]}}],"collection":[{"href":"https:\/\/www.ibermusicas.org\/index.php\/wp-json\/wp\/v2\/posts"}],"about":[{"href":"https:\/\/www.ibermusicas.org\/index.php\/wp-json\/wp\/v2\/types\/post"}],"author":[{"embeddable":true,"href":"https:\/\/www.ibermusicas.org\/index.php\/wp-json\/wp\/v2\/users\/7"}],"replies":[{"embeddable":true,"href":"https:\/\/www.ibermusicas.org\/index.php\/wp-json\/wp\/v2\/comments?post=28188"}],"version-history":[{"count":1,"href":"https:\/\/www.ibermusicas.org\/index.php\/wp-json\/wp\/v2\/posts\/28188\/revisions"}],"predecessor-version":[{"id":28189,"href":"https:\/\/www.ibermusicas.org\/index.php\/wp-json\/wp\/v2\/posts\/28188\/revisions\/28189"}],"wp:featuredmedia":[{"embeddable":true,"href":"https:\/\/www.ibermusicas.org\/index.php\/wp-json\/wp\/v2\/media\/28186"}],"wp:attachment":[{"href":"https:\/\/www.ibermusicas.org\/index.php\/wp-json\/wp\/v2\/media?parent=28188"}],"wp:term":[{"taxonomy":"category","embeddable":true,"href":"https:\/\/www.ibermusicas.org\/index.php\/wp-json\/wp\/v2\/categories?post=28188"},{"taxonomy":"post_tag","embeddable":true,"href":"https:\/\/www.ibermusicas.org\/index.php\/wp-json\/wp\/v2\/tags?post=28188"}],"curies":[{"name":"wp","href":"https:\/\/api.w.org\/{rel}","templated":true}]}}