{"id":28190,"date":"2026-04-30T17:08:12","date_gmt":"2026-04-30T17:08:12","guid":{"rendered":"https:\/\/www.ibermusicas.org\/?p=28190"},"modified":"2026-04-30T17:08:14","modified_gmt":"2026-04-30T17:08:14","slug":"festival-ars-contemporanea-da-argentina-celebra-50-anos","status":"publish","type":"post","link":"https:\/\/www.ibermusicas.org\/index.php\/festival-ars-contemporanea-da-argentina-celebra-50-anos\/","title":{"rendered":"Festival Ars Contempor\u00e2nea da Argentina celebra 50 anos"},"content":{"rendered":"\n<p>O Festival Ars Contempor\u00e2nea celebra meio s\u00e9culo de trajet\u00f3ria de uma das institui\u00e7\u00f5es pioneiras da m\u00fasica contempor\u00e2nea argentina e ibero-americana. O projeto ser\u00e1 realizado em maio de 2026 na cidade de Buenos Aires, tendo como sede principal o Laborat\u00f3rio de Pesquisa e Produ\u00e7\u00e3o Musical (LIPM) do Centro Cultural Recoleta.<\/p>\n\n\n\n<p>O festival prop\u00f5e uma programa\u00e7\u00e3o internacional que integra concertos, propostas eletroac\u00fasticas, instala\u00e7\u00f5es sonoras, oficinas, masterclasses, resid\u00eancias e atividades de media\u00e7\u00e3o cultural vinculadas \u00e0 cria\u00e7\u00e3o contempor\u00e2nea e \u00e0 arte sonora.<\/p>\n\n\n\n<p>Participam como artistas convidados a compositora espanhola Isabel Urrutia, refer\u00eancia internacional em pesquisa t\u00edmbrica e criadora do m\u00e9todo <em>World Timbres Mixture<\/em>, e o compositor argentino-franc\u00eas Jos\u00e9 Luis Campana, fundador da Ars Contempor\u00e2nea, ex-pesquisador do IRCAM (Paris) e ex-diretor do Ensemble ARSEMA.<\/p>\n\n\n\n<p>O festival inclui ainda uma se\u00e7\u00e3o especial MUSLAB \u2013 Argentina, em colabora\u00e7\u00e3o com a Mostra Internacional de M\u00fasica Eletroac\u00fastica, fortalecendo a circula\u00e7\u00e3o art\u00edstica ibero-americana e o interc\u00e2mbio entre criadores de diferentes pa\u00edses.<\/p>\n\n\n\n<p>O Festival Ars Contempor\u00e2nea \u2013 50 anos constitui um marco na trajet\u00f3ria da institui\u00e7\u00e3o e projeta seu legado para o \u00e2mbito ibero-americano. A programa\u00e7\u00e3o d\u00e1 especial \u00eanfase \u00e0 diversidade cultural, \u00e0 participa\u00e7\u00e3o de artistas internacionais, \u00e0 acessibilidade do p\u00fablico e ao compromisso social, integrando propostas art\u00edsticas, pedag\u00f3gicas e de media\u00e7\u00e3o cultural. Nesse contexto, o projeto articula a\u00e7\u00f5es com institui\u00e7\u00f5es educacionais e culturais, entre elas o CONSUDEC, fortalecendo o v\u00ednculo com espa\u00e7os formativos e promovendo o acesso de crian\u00e7as, jovens e comunidades educativas \u00e0 cria\u00e7\u00e3o sonora contempor\u00e2nea.<\/p>\n\n\n\n<p>O programa inclui:<\/p>\n\n\n\n<ul class=\"wp-block-list\">\n<li>Concertos de m\u00fasica eletroac\u00fastica e mista<\/li>\n\n\n\n<li>Um concerto monogr\u00e1fico e um concerto de encerramento<\/li>\n\n\n\n<li>Oficina de composi\u00e7\u00e3o contempor\u00e2nea baseada na t\u00e9cnica <em>World Timbres Mixture<\/em> (Isabel Urrutia)<\/li>\n\n\n\n<li>Masterclass e atividades de forma\u00e7\u00e3o avan\u00e7ada ministradas por Jos\u00e9 Luis Campana<\/li>\n\n\n\n<li>Resid\u00eancias e tutorias para jovens compositores e criadoras<\/li>\n<\/ul>\n\n\n\n<p>As atividades ser\u00e3o destinadas ao p\u00fablico em geral, estudantes, docentes e profissionais da \u00e1rea musical. Todas as propostas ter\u00e3o entrada livre e gratuita.<\/p>\n\n\n\n<p>O Festival Ars Contempor\u00e2nea foi vencedor do \u201cApoio \u00e0 Programa\u00e7\u00e3o Musical\u201d do Programa Iberm\u00fasicas na convocat\u00f3ria de 2025.<\/p>\n\n\n\n<ul class=\"wp-block-list\">\n<li>De 12 a 19 de maio no Centro Cultural Recoleta, Buenos Aires, Argentina<\/li>\n<\/ul>\n\n\n\n<p><\/p>\n","protected":false},"excerpt":{"rendered":"<p>O Festival Ars Contempor\u00e2nea celebra meio s\u00e9culo de trajet\u00f3ria de uma das institui\u00e7\u00f5es pioneiras da m\u00fasica contempor\u00e2nea argentina e ibero-americana. O projeto ser\u00e1 realizado em maio de 2026 na cidade de Buenos Aires, tendo como sede principal o Laborat\u00f3rio de Pesquisa e Produ\u00e7\u00e3o Musical (LIPM) do Centro Cultural Recoleta. O festival prop\u00f5e uma programa\u00e7\u00e3o internacional [&hellip;]<\/p>\n","protected":false},"author":7,"featured_media":28186,"comment_status":"closed","ping_status":"closed","sticky":false,"template":"","format":"standard","meta":{"_monsterinsights_skip_tracking":false,"_monsterinsights_sitenote_active":false,"_monsterinsights_sitenote_note":"","_monsterinsights_sitenote_category":0,"footnotes":""},"categories":[218],"tags":[],"class_list":["post-28190","post","type-post","status-publish","format-standard","has-post-thumbnail","hentry","category-noticias-generales-pt"],"lang":"pt","translations":{"pt":28190,"es":28188},"pll_sync_post":[],"post_mailing_queue_ids":[],"_links":{"self":[{"href":"https:\/\/www.ibermusicas.org\/index.php\/wp-json\/wp\/v2\/posts\/28190","targetHints":{"allow":["GET"]}}],"collection":[{"href":"https:\/\/www.ibermusicas.org\/index.php\/wp-json\/wp\/v2\/posts"}],"about":[{"href":"https:\/\/www.ibermusicas.org\/index.php\/wp-json\/wp\/v2\/types\/post"}],"author":[{"embeddable":true,"href":"https:\/\/www.ibermusicas.org\/index.php\/wp-json\/wp\/v2\/users\/7"}],"replies":[{"embeddable":true,"href":"https:\/\/www.ibermusicas.org\/index.php\/wp-json\/wp\/v2\/comments?post=28190"}],"version-history":[{"count":2,"href":"https:\/\/www.ibermusicas.org\/index.php\/wp-json\/wp\/v2\/posts\/28190\/revisions"}],"predecessor-version":[{"id":28192,"href":"https:\/\/www.ibermusicas.org\/index.php\/wp-json\/wp\/v2\/posts\/28190\/revisions\/28192"}],"wp:featuredmedia":[{"embeddable":true,"href":"https:\/\/www.ibermusicas.org\/index.php\/wp-json\/wp\/v2\/media\/28186"}],"wp:attachment":[{"href":"https:\/\/www.ibermusicas.org\/index.php\/wp-json\/wp\/v2\/media?parent=28190"}],"wp:term":[{"taxonomy":"category","embeddable":true,"href":"https:\/\/www.ibermusicas.org\/index.php\/wp-json\/wp\/v2\/categories?post=28190"},{"taxonomy":"post_tag","embeddable":true,"href":"https:\/\/www.ibermusicas.org\/index.php\/wp-json\/wp\/v2\/tags?post=28190"}],"curies":[{"name":"wp","href":"https:\/\/api.w.org\/{rel}","templated":true}]}}