{"id":28193,"date":"2026-04-30T17:09:30","date_gmt":"2026-04-30T17:09:30","guid":{"rendered":"https:\/\/www.ibermusicas.org\/?p=28193"},"modified":"2026-04-30T17:09:32","modified_gmt":"2026-04-30T17:09:32","slug":"el-mbarakatrio-de-paraguay-realizara-la-gira-mangore-sin-fronteras-por-escenarios-de-costa-rica-ecuador-y-el-salvador","status":"publish","type":"post","link":"https:\/\/www.ibermusicas.org\/index.php\/el-mbarakatrio-de-paraguay-realizara-la-gira-mangore-sin-fronteras-por-escenarios-de-costa-rica-ecuador-y-el-salvador\/","title":{"rendered":"El MbarakaTr\u00edo de Paraguay realizar\u00e1 la gira \u201cMangor\u00e9 Sin Fronteras\u201d por escenarios de Costa Rica, Ecuador y El Salvador"},"content":{"rendered":"\n<p>MbarakaTr\u00edo realizar\u00e1 una gira internacional titulada \u201cMangor\u00e9 Sin Fronteras\u201d, compuesta por conciertos y clases magistrales \/&nbsp; conferencias dedicadas a la vida y obra del compositor y guitarrista paraguayo Agust\u00edn Barrios Mangor\u00e9. El prop\u00f3sito de esta gira es difundir su legado art\u00edstico, promover el intercambio cultural y fortalecer la presencia de la guitarra cl\u00e1sica latinoamericana en espacios acad\u00e9micos y esc\u00e9nicos de la regi\u00f3n.<\/p>\n\n\n\n<p>MbarakaTr\u00edo es un grupo paraguayo, fundado en 2013, integrado por tres m\u00fasicos concertistas de guitarra cl\u00e1sica. Su m\u00fasica recorre paisajes sonoros de Paraguay y del sur del continente, combinando lo tradicional con la m\u00fasica emergente. Desde su creaci\u00f3n, se han presentado en teatros importantes del pa\u00eds y han realizado giras en Brasil, M\u00e9xico, Argentina y Per\u00fa.<\/p>\n\n\n\n<p>El tr\u00edo est\u00e1 compuesto por Rodrigo Ben\u00edtez, Favio Rodr\u00edguez y Jos\u00e9 Carlos Cabrera. Los tres integrantes son docentes de conservatorios y universidades del Paraguay. Colaboran con la plataforma de ense\u00f1anza virtual Guitar By M\u00e1sters. Han editado dos producciones discogr\u00e1ficas: \u00abEn el Paran\u00e1\u00bb, con obras de Nancy Luzko, Oscar Cardozo Ocampo, Jorge Lobito Mart\u00ednez, Baden Powell, y Tom Jobim y \u00abAhend\u00fa Nde Sapukai\u00bb con obras de Jos\u00e9 Asunci\u00f3n Flores, \u00c1stor Piazzolla y Egberto Gismonti, adem\u00e1s de piezas dedicadas al tr\u00edo por compositores contempor\u00e1neos.<\/p>\n\n\n\n<p>Esta gira del MbarakaTr\u00edo por Centroam\u00e9rica es posible gracia al apoyo del Programa Iberm\u00fasicas a trav\u00e9s de su l\u00ednea de \u201cAyuda a la circulaci\u00f3n de profesionales de la m\u00fasica\u201d, convocatoria 2025.<\/p>\n\n\n\n<ul class=\"wp-block-list\">\n<li>Jueves 14 de mayo: Auditorio Ren\u00e9 Bonilla, Quito, Ecuador<\/li>\n\n\n\n<li>Lunes 18 de mayo: Teatro Nacional, San Jos\u00e9, Costa Rica<\/li>\n\n\n\n<li>Jueves 21 de mayo: Teatro Nacional, San Salvador, El Salvador<\/li>\n<\/ul>\n","protected":false},"excerpt":{"rendered":"<p>MbarakaTr\u00edo realizar\u00e1 una gira internacional titulada \u201cMangor\u00e9 Sin Fronteras\u201d, compuesta por conciertos y clases magistrales \/&nbsp; conferencias dedicadas a la vida y obra del compositor y guitarrista paraguayo Agust\u00edn Barrios Mangor\u00e9. El prop\u00f3sito de esta gira es difundir su legado art\u00edstico, promover el intercambio cultural y fortalecer la presencia de la guitarra cl\u00e1sica latinoamericana en [&hellip;]<\/p>\n","protected":false},"author":7,"featured_media":28194,"comment_status":"closed","ping_status":"closed","sticky":false,"template":"","format":"standard","meta":{"_monsterinsights_skip_tracking":false,"_monsterinsights_sitenote_active":false,"_monsterinsights_sitenote_note":"","_monsterinsights_sitenote_category":0,"footnotes":""},"categories":[53],"tags":[],"class_list":["post-28193","post","type-post","status-publish","format-standard","has-post-thumbnail","hentry","category-noticias-generales"],"lang":"es","translations":{"es":28193,"pt":28196},"pll_sync_post":[],"post_mailing_queue_ids":[],"_links":{"self":[{"href":"https:\/\/www.ibermusicas.org\/index.php\/wp-json\/wp\/v2\/posts\/28193","targetHints":{"allow":["GET"]}}],"collection":[{"href":"https:\/\/www.ibermusicas.org\/index.php\/wp-json\/wp\/v2\/posts"}],"about":[{"href":"https:\/\/www.ibermusicas.org\/index.php\/wp-json\/wp\/v2\/types\/post"}],"author":[{"embeddable":true,"href":"https:\/\/www.ibermusicas.org\/index.php\/wp-json\/wp\/v2\/users\/7"}],"replies":[{"embeddable":true,"href":"https:\/\/www.ibermusicas.org\/index.php\/wp-json\/wp\/v2\/comments?post=28193"}],"version-history":[{"count":1,"href":"https:\/\/www.ibermusicas.org\/index.php\/wp-json\/wp\/v2\/posts\/28193\/revisions"}],"predecessor-version":[{"id":28195,"href":"https:\/\/www.ibermusicas.org\/index.php\/wp-json\/wp\/v2\/posts\/28193\/revisions\/28195"}],"wp:featuredmedia":[{"embeddable":true,"href":"https:\/\/www.ibermusicas.org\/index.php\/wp-json\/wp\/v2\/media\/28194"}],"wp:attachment":[{"href":"https:\/\/www.ibermusicas.org\/index.php\/wp-json\/wp\/v2\/media?parent=28193"}],"wp:term":[{"taxonomy":"category","embeddable":true,"href":"https:\/\/www.ibermusicas.org\/index.php\/wp-json\/wp\/v2\/categories?post=28193"},{"taxonomy":"post_tag","embeddable":true,"href":"https:\/\/www.ibermusicas.org\/index.php\/wp-json\/wp\/v2\/tags?post=28193"}],"curies":[{"name":"wp","href":"https:\/\/api.w.org\/{rel}","templated":true}]}}