{"id":28196,"date":"2026-04-30T17:10:30","date_gmt":"2026-04-30T17:10:30","guid":{"rendered":"https:\/\/www.ibermusicas.org\/?p=28196"},"modified":"2026-04-30T17:10:32","modified_gmt":"2026-04-30T17:10:32","slug":"o-mbarakatrio-do-paraguai-realizara-a-turne-mangore-sem-fronteiras-por-palcos-da-costa-rica-equador-e-el-salvador","status":"publish","type":"post","link":"https:\/\/www.ibermusicas.org\/index.php\/o-mbarakatrio-do-paraguai-realizara-a-turne-mangore-sem-fronteiras-por-palcos-da-costa-rica-equador-e-el-salvador\/","title":{"rendered":"O MbarakaTr\u00edo do Paraguai realizar\u00e1 a turn\u00ea \u201cMangor\u00e9 Sem Fronteiras\u201d por palcos da Costa Rica, Equador e El Salvador"},"content":{"rendered":"\n<p>O MbarakaTr\u00edo realizar\u00e1 uma turn\u00ea internacional intitulada \u201cMangor\u00e9 Sem Fronteiras\u201d, composta por concertos e masterclasses \/ confer\u00eancias dedicadas \u00e0 vida e obra do compositor e violonista paraguaio Agust\u00edn Barrios Mangor\u00e9. O objetivo desta turn\u00ea \u00e9 difundir seu legado art\u00edstico, promover o interc\u00e2mbio cultural e fortalecer a presen\u00e7a do viol\u00e3o cl\u00e1ssico latino-americano em espa\u00e7os acad\u00eamicos e c\u00eanicos da regi\u00e3o.<\/p>\n\n\n\n<p>O MbarakaTr\u00edo \u00e9 um grupo paraguaio, fundado em 2013, integrado por tr\u00eas m\u00fasicos concertistas de viol\u00e3o cl\u00e1ssico. Sua m\u00fasica percorre paisagens sonoras do Paraguai e do sul do continente, combinando o tradicional com a m\u00fasica emergente.<\/p>\n\n\n\n<p>Desde sua cria\u00e7\u00e3o, t\u00eam se apresentado em importantes teatros do pa\u00eds e realizado turn\u00eas no Brasil, M\u00e9xico, Argentina e Peru.<\/p>\n\n\n\n<p>O trio \u00e9 composto por Rodrigo Ben\u00edtez, Favio Rodr\u00edguez e Jos\u00e9 Carlos Cabrera. Os tr\u00eas integrantes s\u00e3o docentes de conservat\u00f3rios e universidades do Paraguai. Colaboram com a plataforma de ensino virtual Guitar By Masters. Lan\u00e7aram duas produ\u00e7\u00f5es discogr\u00e1ficas: \u201cEn el Paran\u00e1\u201d, com obras de Nancy Luzko, Oscar Cardozo Ocampo, Jorge Lobito Mart\u00ednez, Baden Powell e Tom Jobim, e \u201cAhend\u00fa Nde Sapukai\u201d, com obras de Jos\u00e9 Asunci\u00f3n Flores, \u00c1stor Piazzolla e Egberto Gismonti, al\u00e9m de pe\u00e7as dedicadas ao trio por compositores contempor\u00e2neos.<\/p>\n\n\n\n<p>Esta turn\u00ea do MbarakaTr\u00edo pela Am\u00e9rica Central \u00e9 poss\u00edvel gra\u00e7as ao apoio do Programa Iberm\u00fasicas, por meio de sua linha \u201cApoio \u00e0 circula\u00e7\u00e3o de profissionais da m\u00fasica\u201d, convocat\u00f3ria 2025.<\/p>\n\n\n\n<ul class=\"wp-block-list\">\n<li>Quinta-feira, 14 de maio: Audit\u00f3rio Ren\u00e9 Bonilla, Quito, Equador<\/li>\n\n\n\n<li>Segunda-feira, 18 de maio: Teatro Nacional, San Jos\u00e9, Costa Rica<\/li>\n\n\n\n<li>Quinta-feira, 21 de maio: Teatro Nacional, San Salvador, El Salvador<\/li>\n<\/ul>\n\n\n\n<p><\/p>\n","protected":false},"excerpt":{"rendered":"<p>O MbarakaTr\u00edo realizar\u00e1 uma turn\u00ea internacional intitulada \u201cMangor\u00e9 Sem Fronteiras\u201d, composta por concertos e masterclasses \/ confer\u00eancias dedicadas \u00e0 vida e obra do compositor e violonista paraguaio Agust\u00edn Barrios Mangor\u00e9. O objetivo desta turn\u00ea \u00e9 difundir seu legado art\u00edstico, promover o interc\u00e2mbio cultural e fortalecer a presen\u00e7a do viol\u00e3o cl\u00e1ssico latino-americano em espa\u00e7os acad\u00eamicos e [&hellip;]<\/p>\n","protected":false},"author":7,"featured_media":28194,"comment_status":"closed","ping_status":"closed","sticky":false,"template":"","format":"standard","meta":{"_monsterinsights_skip_tracking":false,"_monsterinsights_sitenote_active":false,"_monsterinsights_sitenote_note":"","_monsterinsights_sitenote_category":0,"footnotes":""},"categories":[218],"tags":[],"class_list":["post-28196","post","type-post","status-publish","format-standard","has-post-thumbnail","hentry","category-noticias-generales-pt"],"lang":"pt","translations":{"pt":28196,"es":28193},"pll_sync_post":[],"post_mailing_queue_ids":[],"_links":{"self":[{"href":"https:\/\/www.ibermusicas.org\/index.php\/wp-json\/wp\/v2\/posts\/28196","targetHints":{"allow":["GET"]}}],"collection":[{"href":"https:\/\/www.ibermusicas.org\/index.php\/wp-json\/wp\/v2\/posts"}],"about":[{"href":"https:\/\/www.ibermusicas.org\/index.php\/wp-json\/wp\/v2\/types\/post"}],"author":[{"embeddable":true,"href":"https:\/\/www.ibermusicas.org\/index.php\/wp-json\/wp\/v2\/users\/7"}],"replies":[{"embeddable":true,"href":"https:\/\/www.ibermusicas.org\/index.php\/wp-json\/wp\/v2\/comments?post=28196"}],"version-history":[{"count":2,"href":"https:\/\/www.ibermusicas.org\/index.php\/wp-json\/wp\/v2\/posts\/28196\/revisions"}],"predecessor-version":[{"id":28198,"href":"https:\/\/www.ibermusicas.org\/index.php\/wp-json\/wp\/v2\/posts\/28196\/revisions\/28198"}],"wp:featuredmedia":[{"embeddable":true,"href":"https:\/\/www.ibermusicas.org\/index.php\/wp-json\/wp\/v2\/media\/28194"}],"wp:attachment":[{"href":"https:\/\/www.ibermusicas.org\/index.php\/wp-json\/wp\/v2\/media?parent=28196"}],"wp:term":[{"taxonomy":"category","embeddable":true,"href":"https:\/\/www.ibermusicas.org\/index.php\/wp-json\/wp\/v2\/categories?post=28196"},{"taxonomy":"post_tag","embeddable":true,"href":"https:\/\/www.ibermusicas.org\/index.php\/wp-json\/wp\/v2\/tags?post=28196"}],"curies":[{"name":"wp","href":"https:\/\/api.w.org\/{rel}","templated":true}]}}