{"id":2973,"date":"2014-06-04T21:48:24","date_gmt":"2014-06-04T21:48:24","guid":{"rendered":"https:\/\/www.ibermusicas.org\/?p=2973"},"modified":"2020-06-04T23:11:14","modified_gmt":"2020-06-04T23:11:14","slug":"memorabilia-2","status":"publish","type":"post","link":"https:\/\/www.ibermusicas.org\/index.php\/memorabilia-2\/","title":{"rendered":"Memorabilia"},"content":{"rendered":"<p>&nbsp;<\/p>\n<p style=\"text-align: right;\"><em>El programa IBERM\u00daSICAS nos ha abierto una ventana al mundo. La m\u00fasica no tiene fronteras.<\/em><\/p>\n<p style=\"text-align: right;\">Oriana Lerner K.<\/p>\n<p style=\"text-align: right;\">Revista Domingo del peri\u00f3dico \u00abLa Rep\u00fablica\u00bb, Per\u00fa<\/p>\n<p>&nbsp;<\/p>\n<p>El Programa de Fomento de las M\u00fasicas Iberoamericanas, IBERM\u00daSICAS, surge en diciembre de 2011 para impulsar la cooperaci\u00f3n entre los pa\u00edses iberoamericanos en el amplio campo musical de la regi\u00f3n de cara al siglo XXI. A tres a\u00f1os de su fundaci\u00f3n, se han perfeccionado los distintos programas que impulsa con el objeto de responder a la diversidad de expresiones musicales en Iberoam\u00e9rica: m\u00fasicas originarias y tradicionales, m\u00fasica popular, contempor\u00e1nea, m\u00fasica acad\u00e9mica y nuevas tecnolog\u00edas aplicadas a la m\u00fasica. La importancia de la oferta reflejada en las convocatorias que emite IBERM\u00daSICAS\u2013residencias creativas, ayudas a la movilidad, concursos, actividades acad\u00e9micas y divulgaci\u00f3n\u2013 se hace evidente en la creciente participaci\u00f3n de las comunidades musicales de los pa\u00edses miembros \u2013actualmente Argentina, Brasil, Chile, Colombia, Costa Rica, M\u00e9xico, Paraguay, Per\u00fa y Uruguay\u2013 con importantes proyectos para cada una de ellas, profundizando as\u00ed la integraci\u00f3n de nuestros pa\u00edses en el vasto terreno de la m\u00fasica.<\/p>\n<p style=\"text-align: right;\">Sergio Ram\u00edrez C\u00e1rdenas<\/p>\n<p style=\"text-align: right;\">Presidente del Comit\u00e9 Intergubernamental de IBERM\u00daSICAS<\/p>\n<p>&nbsp;<\/p>\n<p>Ya est\u00e1 on line la memorabilia de los tres primeros a\u00f1os de existencia del programa IBERM\u00daSICAS. Aqu\u00ed se pueden escuchar las voces de los beneficiarios de las ayudas contando sus vivencias y lo que ha significado IBERM\u00daSICAS en sus recorridos art\u00edsticos.<\/p>\n<p>Esperamos que nuevas voces y experiencias se vean reflejadas prontamente.<\/p>\n<p>[\/vc_column_text][vc_btn title=\u00bbDescargar memorabilia\u00bb color=\u00bbpink\u00bb link=\u00bburl:http%3A%2F%2Fwww.ibermusicas.org%2Fwp-content%2Fuploads%2F2020%2F04%2FMemorabilia.pdf||target:%20_blank|\u00bb][\/vc_column][\/vc_row]<\/p>\n","protected":false},"excerpt":{"rendered":"<p>&nbsp; El programa IBERM\u00daSICAS nos ha abierto una ventana al mundo. La m\u00fasica no tiene fronteras. Oriana Lerner K. Revista Domingo del peri\u00f3dico \u00abLa Rep\u00fablica\u00bb, Per\u00fa &nbsp; El Programa de Fomento de las M\u00fasicas Iberoamericanas, IBERM\u00daSICAS, surge en diciembre de 2011 para impulsar la cooperaci\u00f3n entre los pa\u00edses iberoamericanos en el amplio campo musical de [&hellip;]<\/p>\n","protected":false},"author":1,"featured_media":2968,"comment_status":"closed","ping_status":"closed","sticky":false,"template":"","format":"standard","meta":{"_monsterinsights_skip_tracking":false,"_monsterinsights_sitenote_active":false,"_monsterinsights_sitenote_note":"","_monsterinsights_sitenote_category":0,"footnotes":""},"categories":[218],"tags":[],"class_list":["post-2973","post","type-post","status-publish","format-standard","has-post-thumbnail","hentry","category-noticias-generales-pt"],"lang":"pt","translations":{"pt":2973},"pll_sync_post":[],"post_mailing_queue_ids":[],"_links":{"self":[{"href":"https:\/\/www.ibermusicas.org\/index.php\/wp-json\/wp\/v2\/posts\/2973","targetHints":{"allow":["GET"]}}],"collection":[{"href":"https:\/\/www.ibermusicas.org\/index.php\/wp-json\/wp\/v2\/posts"}],"about":[{"href":"https:\/\/www.ibermusicas.org\/index.php\/wp-json\/wp\/v2\/types\/post"}],"author":[{"embeddable":true,"href":"https:\/\/www.ibermusicas.org\/index.php\/wp-json\/wp\/v2\/users\/1"}],"replies":[{"embeddable":true,"href":"https:\/\/www.ibermusicas.org\/index.php\/wp-json\/wp\/v2\/comments?post=2973"}],"version-history":[{"count":0,"href":"https:\/\/www.ibermusicas.org\/index.php\/wp-json\/wp\/v2\/posts\/2973\/revisions"}],"wp:featuredmedia":[{"embeddable":true,"href":"https:\/\/www.ibermusicas.org\/index.php\/wp-json\/wp\/v2\/media\/2968"}],"wp:attachment":[{"href":"https:\/\/www.ibermusicas.org\/index.php\/wp-json\/wp\/v2\/media?parent=2973"}],"wp:term":[{"taxonomy":"category","embeddable":true,"href":"https:\/\/www.ibermusicas.org\/index.php\/wp-json\/wp\/v2\/categories?post=2973"},{"taxonomy":"post_tag","embeddable":true,"href":"https:\/\/www.ibermusicas.org\/index.php\/wp-json\/wp\/v2\/tags?post=2973"}],"curies":[{"name":"wp","href":"https:\/\/api.w.org\/{rel}","templated":true}]}}