{"id":29761,"date":"2026-09-01T10:00:12","date_gmt":"2026-09-01T10:00:12","guid":{"rendered":"https:\/\/www.ibermusicas.org\/?p=29761"},"modified":"2026-09-02T17:41:19","modified_gmt":"2026-09-02T17:41:19","slug":"quedan-30-dias-para-el-cierre-de-nuestras-convocatorias-2026","status":"publish","type":"post","link":"https:\/\/www.ibermusicas.org\/index.php\/quedan-30-dias-para-el-cierre-de-nuestras-convocatorias-2026\/","title":{"rendered":"Quedan 30 d\u00edas para el cierre de nuestras convocatorias 2026"},"content":{"rendered":"\n<p>Se acerca la fecha de cierre de las convocatorias de Iberm\u00fasicas. Faltan treinta d\u00edas. Las solicitudes de inscripci\u00f3n podr\u00e1n presentarse hasta el 1ero de octubre de 2026 a las 23:59 de cada pa\u00eds, momento en que se cerrar\u00e1 el sistema de aplicaci\u00f3n y no se considerar\u00e1n solicitudes fuera de t\u00e9rmino.<\/p>\n\n\n\n<p>Es necesario tener presente que el sistema on-line puede saturarse en los \u00faltimos d\u00edas debido a la gran cantidad de tr\u00e1fico, por lo cual no resulta recomendable dejar la postulaci\u00f3n para \u00faltimo momento.<\/p>\n\n\n\n<p>Invitamos a todo el sector musical de nuestros pa\u00edses a presentar sus candidaturas.<\/p>\n","protected":false},"excerpt":{"rendered":"<p>Se acerca la fecha de cierre de las convocatorias de Iberm\u00fasicas. Faltan treinta d\u00edas. Las solicitudes de inscripci\u00f3n podr\u00e1n presentarse hasta el 1ero de octubre de 2026 a las 23:59 de cada pa\u00eds, momento en que se cerrar\u00e1 el sistema de aplicaci\u00f3n y no se considerar\u00e1n solicitudes fuera de t\u00e9rmino. Es necesario tener presente que [&hellip;]<\/p>\n","protected":false},"author":7,"featured_media":29762,"comment_status":"closed","ping_status":"closed","sticky":false,"template":"","format":"standard","meta":{"_monsterinsights_skip_tracking":false,"footnotes":""},"categories":[53,52],"tags":[],"class_list":["post-29761","post","type-post","status-publish","format-standard","has-post-thumbnail","hentry","category-noticias-generales","category-noticias-ibermusicas"],"lang":"es","translations":{"es":29761},"pll_sync_post":[],"post_mailing_queue_ids":[],"_links":{"self":[{"href":"https:\/\/www.ibermusicas.org\/index.php\/wp-json\/wp\/v2\/posts\/29761","targetHints":{"allow":["GET"]}}],"collection":[{"href":"https:\/\/www.ibermusicas.org\/index.php\/wp-json\/wp\/v2\/posts"}],"about":[{"href":"https:\/\/www.ibermusicas.org\/index.php\/wp-json\/wp\/v2\/types\/post"}],"author":[{"embeddable":true,"href":"https:\/\/www.ibermusicas.org\/index.php\/wp-json\/wp\/v2\/users\/7"}],"replies":[{"embeddable":true,"href":"https:\/\/www.ibermusicas.org\/index.php\/wp-json\/wp\/v2\/comments?post=29761"}],"version-history":[{"count":1,"href":"https:\/\/www.ibermusicas.org\/index.php\/wp-json\/wp\/v2\/posts\/29761\/revisions"}],"predecessor-version":[{"id":29763,"href":"https:\/\/www.ibermusicas.org\/index.php\/wp-json\/wp\/v2\/posts\/29761\/revisions\/29763"}],"wp:featuredmedia":[{"embeddable":true,"href":"https:\/\/www.ibermusicas.org\/index.php\/wp-json\/wp\/v2\/media\/29762"}],"wp:attachment":[{"href":"https:\/\/www.ibermusicas.org\/index.php\/wp-json\/wp\/v2\/media?parent=29761"}],"wp:term":[{"taxonomy":"category","embeddable":true,"href":"https:\/\/www.ibermusicas.org\/index.php\/wp-json\/wp\/v2\/categories?post=29761"},{"taxonomy":"post_tag","embeddable":true,"href":"https:\/\/www.ibermusicas.org\/index.php\/wp-json\/wp\/v2\/tags?post=29761"}],"curies":[{"name":"wp","href":"https:\/\/api.w.org\/{rel}","templated":true}]}}