{"id":29764,"date":"2026-09-01T10:00:09","date_gmt":"2026-09-01T10:00:09","guid":{"rendered":"https:\/\/www.ibermusicas.org\/?p=29764"},"modified":"2026-09-02T17:41:29","modified_gmt":"2026-09-02T17:41:29","slug":"faltam-30-dias-para-o-encerramento-das-nossas-convocatorias-2026","status":"publish","type":"post","link":"https:\/\/www.ibermusicas.org\/index.php\/faltam-30-dias-para-o-encerramento-das-nossas-convocatorias-2026\/","title":{"rendered":"Faltam 30 dias para o encerramento das nossas convocat\u00f3rias 2026"},"content":{"rendered":"\n<p>A data de encerramento dos convites \u00e0 apresenta\u00e7\u00e3o de propostas do Iberm\u00fasicas est\u00e1 a aproximar-se. Ainda faltam trinta dias. As candidaturas podem ser apresentadas at\u00e9 1 de outubro de 2026 \u00e0s 23h59 em cada pa\u00eds, quando o sistema de candidaturas encerra e n\u00e3o ser\u00e3o consideradas as candidaturas tardias.<\/p>\n\n\n\n<p>O sistema em linha pode ficar saturado nos \u00faltimos dias devido ao tr\u00e1fego intenso, pelo que n\u00e3o \u00e9 aconselh\u00e1vel deixar a candidatura para o \u00faltimo minuto.<\/p>\n\n\n\n<p>Convidamos todo o sector musical dos nossos pa\u00edses a apresentar as suas candidaturas.<\/p>\n","protected":false},"excerpt":{"rendered":"<p>A data de encerramento dos convites \u00e0 apresenta\u00e7\u00e3o de propostas do Iberm\u00fasicas est\u00e1 a aproximar-se. Ainda faltam trinta dias. As candidaturas podem ser apresentadas at\u00e9 1 de outubro de 2026 \u00e0s 23h59 em cada pa\u00eds, quando o sistema de candidaturas encerra e n\u00e3o ser\u00e3o consideradas as candidaturas tardias. O sistema em linha pode ficar saturado [&hellip;]<\/p>\n","protected":false},"author":7,"featured_media":29765,"comment_status":"closed","ping_status":"closed","sticky":false,"template":"","format":"standard","meta":{"_monsterinsights_skip_tracking":false,"footnotes":""},"categories":[218,220],"tags":[],"class_list":["post-29764","post","type-post","status-publish","format-standard","has-post-thumbnail","hentry","category-noticias-generales-pt","category-noticias-ibermusicas-pt"],"lang":"pt","translations":{"pt":29764},"pll_sync_post":[],"post_mailing_queue_ids":[],"_links":{"self":[{"href":"https:\/\/www.ibermusicas.org\/index.php\/wp-json\/wp\/v2\/posts\/29764","targetHints":{"allow":["GET"]}}],"collection":[{"href":"https:\/\/www.ibermusicas.org\/index.php\/wp-json\/wp\/v2\/posts"}],"about":[{"href":"https:\/\/www.ibermusicas.org\/index.php\/wp-json\/wp\/v2\/types\/post"}],"author":[{"embeddable":true,"href":"https:\/\/www.ibermusicas.org\/index.php\/wp-json\/wp\/v2\/users\/7"}],"replies":[{"embeddable":true,"href":"https:\/\/www.ibermusicas.org\/index.php\/wp-json\/wp\/v2\/comments?post=29764"}],"version-history":[{"count":1,"href":"https:\/\/www.ibermusicas.org\/index.php\/wp-json\/wp\/v2\/posts\/29764\/revisions"}],"predecessor-version":[{"id":29766,"href":"https:\/\/www.ibermusicas.org\/index.php\/wp-json\/wp\/v2\/posts\/29764\/revisions\/29766"}],"wp:featuredmedia":[{"embeddable":true,"href":"https:\/\/www.ibermusicas.org\/index.php\/wp-json\/wp\/v2\/media\/29765"}],"wp:attachment":[{"href":"https:\/\/www.ibermusicas.org\/index.php\/wp-json\/wp\/v2\/media?parent=29764"}],"wp:term":[{"taxonomy":"category","embeddable":true,"href":"https:\/\/www.ibermusicas.org\/index.php\/wp-json\/wp\/v2\/categories?post=29764"},{"taxonomy":"post_tag","embeddable":true,"href":"https:\/\/www.ibermusicas.org\/index.php\/wp-json\/wp\/v2\/tags?post=29764"}],"curies":[{"name":"wp","href":"https:\/\/api.w.org\/{rel}","templated":true}]}}