{"id":29889,"date":"2026-09-03T14:08:41","date_gmt":"2026-09-03T14:08:41","guid":{"rendered":"https:\/\/www.ibermusicas.org\/?p=29889"},"modified":"2026-09-03T14:08:43","modified_gmt":"2026-09-03T14:08:43","slug":"levar-a-guitarra-portuguesa-para-o-mundo-trazer-o-mundo-para-a-guitarra-portuguesa","status":"publish","type":"post","link":"https:\/\/www.ibermusicas.org\/index.php\/levar-a-guitarra-portuguesa-para-o-mundo-trazer-o-mundo-para-a-guitarra-portuguesa\/","title":{"rendered":"Levar a Guitarra Portuguesa Para o Mundo, Trazer o Mundo Para a Guitarra Portuguesa"},"content":{"rendered":"\n<figure class=\"wp-block-embed is-type-video is-provider-youtube wp-block-embed-youtube wp-embed-aspect-16-9 wp-has-aspect-ratio\"><div class=\"wp-block-embed__wrapper\">\n<iframe loading=\"lazy\" title=\"Marta Pereira da Costa (Portugal) - Turn\u00e9 art\u00edstica pelo Brasil, Costa Rica e Panam\u00e1 - 2025\" width=\"500\" height=\"281\" src=\"https:\/\/www.youtube.com\/embed\/Xw7JhaYWx3w?feature=oembed\" frameborder=\"0\" allow=\"accelerometer; autoplay; clipboard-write; encrypted-media; gyroscope; picture-in-picture; web-share\" referrerpolicy=\"strict-origin-when-cross-origin\" allowfullscreen><\/iframe>\n<\/div><\/figure>\n","protected":false},"excerpt":{"rendered":"","protected":false},"author":7,"featured_media":22651,"comment_status":"closed","ping_status":"closed","sticky":false,"template":"","format":"standard","meta":{"_monsterinsights_skip_tracking":false,"footnotes":""},"categories":[335],"tags":[1700,91,573],"class_list":["post-29889","post","type-post","status-publish","format-standard","has-post-thumbnail","hentry","category-banco-contenidos","tag-2024___es","tag-ayudas-a-la-movilidad-de-musicas-y-musicos","tag-portugal"],"lang":"es","translations":{"es":29889},"pll_sync_post":[],"post_mailing_queue_ids":[],"_links":{"self":[{"href":"https:\/\/www.ibermusicas.org\/index.php\/wp-json\/wp\/v2\/posts\/29889","targetHints":{"allow":["GET"]}}],"collection":[{"href":"https:\/\/www.ibermusicas.org\/index.php\/wp-json\/wp\/v2\/posts"}],"about":[{"href":"https:\/\/www.ibermusicas.org\/index.php\/wp-json\/wp\/v2\/types\/post"}],"author":[{"embeddable":true,"href":"https:\/\/www.ibermusicas.org\/index.php\/wp-json\/wp\/v2\/users\/7"}],"replies":[{"embeddable":true,"href":"https:\/\/www.ibermusicas.org\/index.php\/wp-json\/wp\/v2\/comments?post=29889"}],"version-history":[{"count":1,"href":"https:\/\/www.ibermusicas.org\/index.php\/wp-json\/wp\/v2\/posts\/29889\/revisions"}],"predecessor-version":[{"id":29890,"href":"https:\/\/www.ibermusicas.org\/index.php\/wp-json\/wp\/v2\/posts\/29889\/revisions\/29890"}],"wp:featuredmedia":[{"embeddable":true,"href":"https:\/\/www.ibermusicas.org\/index.php\/wp-json\/wp\/v2\/media\/22651"}],"wp:attachment":[{"href":"https:\/\/www.ibermusicas.org\/index.php\/wp-json\/wp\/v2\/media?parent=29889"}],"wp:term":[{"taxonomy":"category","embeddable":true,"href":"https:\/\/www.ibermusicas.org\/index.php\/wp-json\/wp\/v2\/categories?post=29889"},{"taxonomy":"post_tag","embeddable":true,"href":"https:\/\/www.ibermusicas.org\/index.php\/wp-json\/wp\/v2\/tags?post=29889"}],"curies":[{"name":"wp","href":"https:\/\/api.w.org\/{rel}","templated":true}]}}