{"id":3554,"date":"2019-12-01T17:56:36","date_gmt":"2019-12-01T17:56:36","guid":{"rendered":"https:\/\/www.ibermusicas.org\/?p=3554"},"modified":"2020-10-05T17:57:40","modified_gmt":"2020-10-05T17:57:40","slug":"grandes-maestros-se-reuniran-a-compartir-su-experiencia-con-jovenes-musicos-en-el-v-camp-musicaustral-edicion-2020-que-se-realizara-en-frutillar-chile-3","status":"publish","type":"post","link":"https:\/\/www.ibermusicas.org\/index.php\/grandes-maestros-se-reuniran-a-compartir-su-experiencia-con-jovenes-musicos-en-el-v-camp-musicaustral-edicion-2020-que-se-realizara-en-frutillar-chile-3\/","title":{"rendered":"Grandes maestros se reunir\u00e1n a compartir su experiencia con j\u00f3venes m\u00fasicos en el V Camp Musicaustral edici\u00f3n 2020 que se realizar\u00e1 en Frutillar, Chile"},"content":{"rendered":"<p><span data-sheets-value=\"{&quot;1&quot;:2,&quot;2&quot;:&quot;Daniel Emden (percusionista chileno), Seva Castro (guitarrista argentino), Paz Mera (cantante chilena), Jake Kelberman (guitarrista norteamericano), Fernando Bruno (percusionista argentino) y Carlos Felipe Vega (contrabajista colombiano), son los maestros que participar\u00e1n este a\u00f1o en el V Camp Musicaustral a realizarse entre los d\u00edas 13 y 19 de enero en Frutillar, declarada Ciudad Creativa de la M\u00fasica por UNESCO.&quot;}\" data-sheets-userformat=\"{&quot;2&quot;:515,&quot;3&quot;:{&quot;1&quot;:0},&quot;4&quot;:[null,2,16776960],&quot;12&quot;:0}\">Daniel Emden (percusionista chileno), Seva Castro (guitarrista argentino), Paz Mera (cantante chilena), Jake Kelberman (guitarrista norteamericano), Fernando Bruno (percusionista argentino) y Carlos Felipe Vega (contrabajista colombiano), son los maestros que participar\u00e1n este a\u00f1o en el V Camp Musicaustral a realizarse entre los d\u00edas 13 y 19 de enero en Frutillar, declarada Ciudad Creativa de la M\u00fasica por UNESCO.<\/span><\/p>\n<p>Se trata de una alternativa integral de aprendizaje que incluye clases magistrales, c\u00edrculos de percusi\u00f3n, sesiones de yoga y conciertos. Durante 7 d\u00edas, los participantes vivir\u00e1n la m\u00fasica y la creaci\u00f3n, guiados por destacados profesionales que promueven el desarrollo y la formaci\u00f3n de m\u00fasicos emergentes hacia una identidad musical latinoamericana.<\/p>\n<p>\u2022 Campamento del lunes 13 al domingo 19 de enero de 9:00 a 17:00 hs. en Casa Amarilla, Playa Maqui, Frutillar, Chile<br \/>\n\u2022 Puertas Abiertas Camp Musicaustral, viernes 17 de enero, 17:00 hs. en Casa Amarilla, Playa Maqui, Frutillar, Chile<br \/>\n\u2022 Concierto Camp Musicaustral, s\u00e1bado 18 de enero en Museo Colonial Alem\u00e1n de Frutillar, Chile<\/p>\n<p>&nbsp;<\/p>\n<p>&nbsp;<\/p>\n","protected":false},"excerpt":{"rendered":"<p>Daniel Emden (percusionista chileno), Seva Castro (guitarrista argentino), Paz Mera (cantante chilena), Jake Kelberman (guitarrista norteamericano), Fernando Bruno (percusionista argentino) y Carlos Felipe Vega (contrabajista colombiano), son los maestros que participar\u00e1n este a\u00f1o en el V Camp Musicaustral a realizarse entre los d\u00edas 13 y 19 de enero en Frutillar, declarada Ciudad Creativa de la [&hellip;]<\/p>\n","protected":false},"author":1,"featured_media":3556,"comment_status":"closed","ping_status":"closed","sticky":false,"template":"","format":"standard","meta":{"_monsterinsights_skip_tracking":false,"_monsterinsights_sitenote_active":false,"_monsterinsights_sitenote_note":"","_monsterinsights_sitenote_category":0,"footnotes":""},"categories":[53],"tags":[],"class_list":["post-3554","post","type-post","status-publish","format-standard","has-post-thumbnail","hentry","category-noticias-generales"],"lang":"es","translations":{"es":3554},"pll_sync_post":[],"post_mailing_queue_ids":[],"_links":{"self":[{"href":"https:\/\/www.ibermusicas.org\/index.php\/wp-json\/wp\/v2\/posts\/3554","targetHints":{"allow":["GET"]}}],"collection":[{"href":"https:\/\/www.ibermusicas.org\/index.php\/wp-json\/wp\/v2\/posts"}],"about":[{"href":"https:\/\/www.ibermusicas.org\/index.php\/wp-json\/wp\/v2\/types\/post"}],"author":[{"embeddable":true,"href":"https:\/\/www.ibermusicas.org\/index.php\/wp-json\/wp\/v2\/users\/1"}],"replies":[{"embeddable":true,"href":"https:\/\/www.ibermusicas.org\/index.php\/wp-json\/wp\/v2\/comments?post=3554"}],"version-history":[{"count":0,"href":"https:\/\/www.ibermusicas.org\/index.php\/wp-json\/wp\/v2\/posts\/3554\/revisions"}],"wp:featuredmedia":[{"embeddable":true,"href":"https:\/\/www.ibermusicas.org\/index.php\/wp-json\/wp\/v2\/media\/3556"}],"wp:attachment":[{"href":"https:\/\/www.ibermusicas.org\/index.php\/wp-json\/wp\/v2\/media?parent=3554"}],"wp:term":[{"taxonomy":"category","embeddable":true,"href":"https:\/\/www.ibermusicas.org\/index.php\/wp-json\/wp\/v2\/categories?post=3554"},{"taxonomy":"post_tag","embeddable":true,"href":"https:\/\/www.ibermusicas.org\/index.php\/wp-json\/wp\/v2\/tags?post=3554"}],"curies":[{"name":"wp","href":"https:\/\/api.w.org\/{rel}","templated":true}]}}