{"id":4774,"date":"2011-10-18T00:07:56","date_gmt":"2011-10-18T00:07:56","guid":{"rendered":"https:\/\/www.ibermusicas.org\/?p=4774"},"modified":"2021-03-18T21:22:21","modified_gmt":"2021-03-18T21:22:21","slug":"xxiii-festival-de-musica-de-morelia-miguel-bernal-jimenez","status":"publish","type":"post","link":"https:\/\/www.ibermusicas.org\/index.php\/xxiii-festival-de-musica-de-morelia-miguel-bernal-jimenez\/","title":{"rendered":"XXIII Festival de M\u00fasica de Morelia Miguel Bernal Jim\u00e9nez"},"content":{"rendered":"<p>El domingo 13 de noviembre, con la participaci\u00f3n de la Orquesta Academia de Viena, en el Palacio de Bellas Artes llega a su XXIII Edici\u00f3n el prestigioso Festival de M\u00fasica de Morelia Miguel Bernal Jim\u00e9nez, en colaboraci\u00f3n con el Instituto Nacional de Bellas Artes (INBA), que luego de 2 d\u00e9cadas de trabajo se distingue en ofrecer m\u00fasica de concierto o cl\u00e1sica de gran calidad. La celebraci\u00f3n musical, que se llevar\u00e1 a cabo del 12 al 26 de noviembre en diversos espacios; en esta ocasi\u00f3n se dedicar\u00e1 a la memoria de Miguel Bernal Macuset. <\/p>\n","protected":false},"excerpt":{"rendered":"<p>El domingo 13 de noviembre, con la participaci\u00f3n de la Orquesta Academia de Viena, en el Palacio de Bellas Artes llega a su XXIII Edici\u00f3n el prestigioso Festival de M\u00fasica de Morelia Miguel Bernal Jim\u00e9nez, en colaboraci\u00f3n con el Instituto Nacional de Bellas Artes (INBA), que luego de 2 d\u00e9cadas de trabajo se distingue en [&hellip;]<\/p>\n","protected":false},"author":1,"featured_media":4901,"comment_status":"closed","ping_status":"closed","sticky":false,"template":"","format":"standard","meta":{"_monsterinsights_skip_tracking":false,"_monsterinsights_sitenote_active":false,"_monsterinsights_sitenote_note":"","_monsterinsights_sitenote_category":0,"footnotes":""},"categories":[53,1],"tags":[],"class_list":["post-4774","post","type-post","status-publish","format-standard","has-post-thumbnail","hentry","category-noticias-generales","category-uncategorized"],"lang":"es","translations":{"es":4774},"pll_sync_post":[],"post_mailing_queue_ids":[],"_links":{"self":[{"href":"https:\/\/www.ibermusicas.org\/index.php\/wp-json\/wp\/v2\/posts\/4774","targetHints":{"allow":["GET"]}}],"collection":[{"href":"https:\/\/www.ibermusicas.org\/index.php\/wp-json\/wp\/v2\/posts"}],"about":[{"href":"https:\/\/www.ibermusicas.org\/index.php\/wp-json\/wp\/v2\/types\/post"}],"author":[{"embeddable":true,"href":"https:\/\/www.ibermusicas.org\/index.php\/wp-json\/wp\/v2\/users\/1"}],"replies":[{"embeddable":true,"href":"https:\/\/www.ibermusicas.org\/index.php\/wp-json\/wp\/v2\/comments?post=4774"}],"version-history":[{"count":0,"href":"https:\/\/www.ibermusicas.org\/index.php\/wp-json\/wp\/v2\/posts\/4774\/revisions"}],"wp:featuredmedia":[{"embeddable":true,"href":"https:\/\/www.ibermusicas.org\/index.php\/wp-json\/wp\/v2\/media\/4901"}],"wp:attachment":[{"href":"https:\/\/www.ibermusicas.org\/index.php\/wp-json\/wp\/v2\/media?parent=4774"}],"wp:term":[{"taxonomy":"category","embeddable":true,"href":"https:\/\/www.ibermusicas.org\/index.php\/wp-json\/wp\/v2\/categories?post=4774"},{"taxonomy":"post_tag","embeddable":true,"href":"https:\/\/www.ibermusicas.org\/index.php\/wp-json\/wp\/v2\/tags?post=4774"}],"curies":[{"name":"wp","href":"https:\/\/api.w.org\/{rel}","templated":true}]}}